{"id":36615,"date":"2022-09-07T15:32:13","date_gmt":"2022-09-07T14:32:13","guid":{"rendered":"https:\/\/www.he-arc.ch\/?p=36615"},"modified":"2022-09-14T14:52:10","modified_gmt":"2022-09-14T13:52:10","slug":"des-etudiant-e-s-de-la-he-arc-au-challenge-microcite","status":"publish","type":"post","link":"https:\/\/www.he-arc.ch\/en\/actualites\/des-etudiant-e-s-de-la-he-arc-au-challenge-microcite\/","title":{"rendered":"Des \u00e9tudiant-e-s de la HE-Arc au Challenge MicroCit\u00e9"},"content":{"rendered":"\n<p><\/p>\n\n\n\n<p> Des \u00e9tudiantes et \u00e9tudiants en Ing\u00e9nierie et en Gestion ont particip\u00e9 d\u00e9but septembre au Challenge Microcit\u00e9 dans le but d&#8217;identifier des prestations de service \u00e0 d\u00e9velopper et destin\u00e9es aux entreprises de l&#8217;Arc jurassien, et plus particuli\u00e8rement les PME actives dans le domaine des microtechniques, afin d&#8217;attirer les talents de demain. T\u00e9moignages de Leila et S\u00e9bastien.<\/p>\n\n\n<div class=\"video-card-wrapper  is-not-contained \">\n                    <ul class=\"flex-row w-list-unstyled  \">\n                              <li class=\"size-full size-full-mobile\">\n              <a class=\"video-card is-shadowed js-open-video \" href=\"https:\/\/www.youtube.com\/embed\/B9ZhSadh0QA\">\n                <div class=\"image-wrapper--landscape\" style=\"background-image: url(https:\/\/www.he-arc.ch\/wp-content\/uploads\/2022\/09\/microcity.png)\">\n                  <div class=\"btn-play is-centered\">&nbsp;<\/div>\n                <\/div>\n                <div class=\"video-card__info\">\n                                    <h3 class=\"video-card__title\">MicroCit\u00e9 2022<\/h3>\n                <\/div>\n              <\/a>\n            <\/li>\n                                          <\/ul>\n      <\/div>\n\n\n\n\n<p><a href=\"https:\/\/youtu.be\/B9ZhSadh0QA\">Lien vers la vid\u00e9o<\/a><\/p>\n","protected":false},"excerpt":{"rendered":"<p>Des \u00e9tudiantes et \u00e9tudiants en Ing\u00e9nierie et en Gestion ont particip\u00e9 d\u00e9but septembre au Challenge Microcit\u00e9 dans le but d&#8217;identifier des prestations de service \u00e0 d\u00e9velopper et destin\u00e9es aux entreprises de l&#8217;Arc jurassien, et plus particuli\u00e8rement les PME actives dans le domaine des microtechniques, afin d&#8217;attirer les talents de demain. T\u00e9moignages de Leila et S\u00e9bastien. [&hellip;]<\/p>\n","protected":false},"author":9,"featured_media":37006,"comment_status":"closed","ping_status":"open","sticky":false,"template":"","format":"standard","meta":{"_acf_changed":false,"footnotes":""},"categories":[1],"tags":[],"he-arc_domain":[6],"class_list":["post-36615","post","type-post","status-publish","format-standard","has-post-thumbnail","hentry","category-non-classifiee","he-arc_domain-he-arc"],"acf":[],"yoast_head":"<!-- This site is optimized with the Yoast SEO plugin v26.6 - https:\/\/yoast.com\/wordpress\/plugins\/seo\/ -->\n<title>Des \u00e9tudiant-e-s de la HE-Arc au Challenge MicroCit\u00e9 - Haute-Ecole Arc<\/title>\n<meta name=\"robots\" content=\"index, follow, max-snippet:-1, max-image-preview:large, max-video-preview:-1\" \/>\n<link rel=\"canonical\" href=\"https:\/\/www.he-arc.ch\/en\/actualites\/des-etudiant-e-s-de-la-he-arc-au-challenge-microcite\/\" \/>\n<meta property=\"og:locale\" content=\"en_US\" \/>\n<meta property=\"og:type\" content=\"article\" \/>\n<meta property=\"og:title\" content=\"Des \u00e9tudiant-e-s de la HE-Arc au Challenge MicroCit\u00e9 - Haute-Ecole Arc\" \/>\n<meta property=\"og:description\" content=\"Des \u00e9tudiantes et \u00e9tudiants en Ing\u00e9nierie et en Gestion ont particip\u00e9 d\u00e9but septembre au Challenge Microcit\u00e9 dans le but d&#8217;identifier des prestations de service \u00e0 d\u00e9velopper et destin\u00e9es aux entreprises de l&#8217;Arc jurassien, et plus particuli\u00e8rement les PME actives dans le domaine des microtechniques, afin d&#8217;attirer les talents de demain. T\u00e9moignages de Leila et S\u00e9bastien. [&hellip;]\" \/>\n<meta property=\"og:url\" content=\"https:\/\/www.he-arc.ch\/en\/actualites\/des-etudiant-e-s-de-la-he-arc-au-challenge-microcite\/\" \/>\n<meta property=\"og:site_name\" content=\"Haute-Ecole Arc\" \/>\n<meta property=\"article:published_time\" content=\"2022-09-07T14:32:13+00:00\" \/>\n<meta property=\"article:modified_time\" content=\"2022-09-14T13:52:10+00:00\" \/>\n<meta property=\"og:image\" content=\"https:\/\/www.he-arc.ch\/wp-content\/uploads\/2022\/09\/Banniere_1.jpg\" \/>\n\t<meta property=\"og:image:width\" content=\"960\" \/>\n\t<meta property=\"og:image:height\" content=\"150\" \/>\n\t<meta property=\"og:image:type\" content=\"image\/jpeg\" \/>\n<meta name=\"author\" content=\"Mathias Froidevaux\" \/>\n<meta name=\"twitter:card\" content=\"summary_large_image\" \/>\n<meta name=\"twitter:label1\" content=\"Written by\" \/>\n\t<meta name=\"twitter:data1\" content=\"Mathias Froidevaux\" \/>\n\t<meta name=\"twitter:label2\" content=\"Est. reading time\" \/>\n\t<meta name=\"twitter:data2\" content=\"1 minute\" \/>\n<script type=\"application\/ld+json\" class=\"yoast-schema-graph\">{\"@context\":\"https:\/\/schema.org\",\"@graph\":[{\"@type\":\"Article\",\"@id\":\"https:\/\/www.he-arc.ch\/en\/actualites\/des-etudiant-e-s-de-la-he-arc-au-challenge-microcite\/#article\",\"isPartOf\":{\"@id\":\"https:\/\/www.he-arc.ch\/en\/actualites\/des-etudiant-e-s-de-la-he-arc-au-challenge-microcite\/\"},\"author\":{\"name\":\"Mathias Froidevaux\",\"@id\":\"https:\/\/www.he-arc.ch\/en\/#\/schema\/person\/79d8c7103de9dbba2ea2d70176a54469\"},\"headline\":\"Des \u00e9tudiant-e-s de la HE-Arc au Challenge MicroCit\u00e9\",\"datePublished\":\"2022-09-07T14:32:13+00:00\",\"dateModified\":\"2022-09-14T13:52:10+00:00\",\"mainEntityOfPage\":{\"@id\":\"https:\/\/www.he-arc.ch\/en\/actualites\/des-etudiant-e-s-de-la-he-arc-au-challenge-microcite\/\"},\"wordCount\":77,\"publisher\":{\"@id\":\"https:\/\/www.he-arc.ch\/en\/#organization\"},\"image\":{\"@id\":\"https:\/\/www.he-arc.ch\/en\/actualites\/des-etudiant-e-s-de-la-he-arc-au-challenge-microcite\/#primaryimage\"},\"thumbnailUrl\":\"https:\/\/www.he-arc.ch\/wp-content\/uploads\/2022\/09\/Banniere_1.jpg\",\"articleSection\":[\"Non classifi\u00e9(e)\"],\"inLanguage\":\"en-US\"},{\"@type\":\"WebPage\",\"@id\":\"https:\/\/www.he-arc.ch\/en\/actualites\/des-etudiant-e-s-de-la-he-arc-au-challenge-microcite\/\",\"url\":\"https:\/\/www.he-arc.ch\/en\/actualites\/des-etudiant-e-s-de-la-he-arc-au-challenge-microcite\/\",\"name\":\"Des \u00e9tudiant-e-s de la HE-Arc au Challenge MicroCit\u00e9 - Haute-Ecole Arc\",\"isPartOf\":{\"@id\":\"https:\/\/www.he-arc.ch\/en\/#website\"},\"primaryImageOfPage\":{\"@id\":\"https:\/\/www.he-arc.ch\/en\/actualites\/des-etudiant-e-s-de-la-he-arc-au-challenge-microcite\/#primaryimage\"},\"image\":{\"@id\":\"https:\/\/www.he-arc.ch\/en\/actualites\/des-etudiant-e-s-de-la-he-arc-au-challenge-microcite\/#primaryimage\"},\"thumbnailUrl\":\"https:\/\/www.he-arc.ch\/wp-content\/uploads\/2022\/09\/Banniere_1.jpg\",\"datePublished\":\"2022-09-07T14:32:13+00:00\",\"dateModified\":\"2022-09-14T13:52:10+00:00\",\"breadcrumb\":{\"@id\":\"https:\/\/www.he-arc.ch\/en\/actualites\/des-etudiant-e-s-de-la-he-arc-au-challenge-microcite\/#breadcrumb\"},\"inLanguage\":\"en-US\",\"potentialAction\":[{\"@type\":\"ReadAction\",\"target\":[\"https:\/\/www.he-arc.ch\/en\/actualites\/des-etudiant-e-s-de-la-he-arc-au-challenge-microcite\/\"]}]},{\"@type\":\"ImageObject\",\"inLanguage\":\"en-US\",\"@id\":\"https:\/\/www.he-arc.ch\/en\/actualites\/des-etudiant-e-s-de-la-he-arc-au-challenge-microcite\/#primaryimage\",\"url\":\"https:\/\/www.he-arc.ch\/wp-content\/uploads\/2022\/09\/Banniere_1.jpg\",\"contentUrl\":\"https:\/\/www.he-arc.ch\/wp-content\/uploads\/2022\/09\/Banniere_1.jpg\",\"width\":960,\"height\":150},{\"@type\":\"BreadcrumbList\",\"@id\":\"https:\/\/www.he-arc.ch\/en\/actualites\/des-etudiant-e-s-de-la-he-arc-au-challenge-microcite\/#breadcrumb\",\"itemListElement\":[{\"@type\":\"ListItem\",\"position\":1,\"name\":\"Accueil\",\"item\":\"https:\/\/www.he-arc.ch\/en\/\"},{\"@type\":\"ListItem\",\"position\":2,\"name\":\"Des \u00e9tudiant-e-s de la HE-Arc au Challenge MicroCit\u00e9\"}]},{\"@type\":\"WebSite\",\"@id\":\"https:\/\/www.he-arc.ch\/en\/#website\",\"url\":\"https:\/\/www.he-arc.ch\/en\/\",\"name\":\"Haute-Ecole Arc\",\"description\":\"Haute \u00e9cole sp\u00e9cialis\u00e9e Suisse. Gestion, Ing\u00e9nierie, Sant\u00e9, Conservation-\u200brestauration.\",\"publisher\":{\"@id\":\"https:\/\/www.he-arc.ch\/en\/#organization\"},\"potentialAction\":[{\"@type\":\"SearchAction\",\"target\":{\"@type\":\"EntryPoint\",\"urlTemplate\":\"https:\/\/www.he-arc.ch\/en\/?s={search_term_string}\"},\"query-input\":{\"@type\":\"PropertyValueSpecification\",\"valueRequired\":true,\"valueName\":\"search_term_string\"}}],\"inLanguage\":\"en-US\"},{\"@type\":\"Organization\",\"@id\":\"https:\/\/www.he-arc.ch\/en\/#organization\",\"name\":\"Haute Ecole Arc\",\"url\":\"https:\/\/www.he-arc.ch\/en\/\",\"logo\":{\"@type\":\"ImageObject\",\"inLanguage\":\"en-US\",\"@id\":\"https:\/\/www.he-arc.ch\/en\/#\/schema\/logo\/image\/\",\"url\":\"https:\/\/www.he-arc.ch\/wp-content\/uploads\/2022\/01\/logo-he-arc.svg\",\"contentUrl\":\"https:\/\/www.he-arc.ch\/wp-content\/uploads\/2022\/01\/logo-he-arc.svg\",\"width\":140,\"height\":42,\"caption\":\"Haute Ecole Arc\"},\"image\":{\"@id\":\"https:\/\/www.he-arc.ch\/en\/#\/schema\/logo\/image\/\"}},{\"@type\":\"Person\",\"@id\":\"https:\/\/www.he-arc.ch\/en\/#\/schema\/person\/79d8c7103de9dbba2ea2d70176a54469\",\"name\":\"Mathias Froidevaux\",\"image\":{\"@type\":\"ImageObject\",\"inLanguage\":\"en-US\",\"@id\":\"https:\/\/www.he-arc.ch\/en\/#\/schema\/person\/image\/\",\"url\":\"https:\/\/secure.gravatar.com\/avatar\/b6935ff87dc00dd8c158bc6418423a2c1ff841d996ab1adbefb9b5e3156c8373?s=96&d=mm&r=g\",\"contentUrl\":\"https:\/\/secure.gravatar.com\/avatar\/b6935ff87dc00dd8c158bc6418423a2c1ff841d996ab1adbefb9b5e3156c8373?s=96&d=mm&r=g\",\"caption\":\"Mathias Froidevaux\"}}]}<\/script>\n<!-- \/ Yoast SEO plugin. -->","yoast_head_json":{"title":"Des \u00e9tudiant-e-s de la HE-Arc au Challenge MicroCit\u00e9 - Haute-Ecole Arc","robots":{"index":"index","follow":"follow","max-snippet":"max-snippet:-1","max-image-preview":"max-image-preview:large","max-video-preview":"max-video-preview:-1"},"canonical":"https:\/\/www.he-arc.ch\/en\/actualites\/des-etudiant-e-s-de-la-he-arc-au-challenge-microcite\/","og_locale":"en_US","og_type":"article","og_title":"Des \u00e9tudiant-e-s de la HE-Arc au Challenge MicroCit\u00e9 - Haute-Ecole Arc","og_description":"Des \u00e9tudiantes et \u00e9tudiants en Ing\u00e9nierie et en Gestion ont particip\u00e9 d\u00e9but septembre au Challenge Microcit\u00e9 dans le but d&#8217;identifier des prestations de service \u00e0 d\u00e9velopper et destin\u00e9es aux entreprises de l&#8217;Arc jurassien, et plus particuli\u00e8rement les PME actives dans le domaine des microtechniques, afin d&#8217;attirer les talents de demain. T\u00e9moignages de Leila et S\u00e9bastien. [&hellip;]","og_url":"https:\/\/www.he-arc.ch\/en\/actualites\/des-etudiant-e-s-de-la-he-arc-au-challenge-microcite\/","og_site_name":"Haute-Ecole Arc","article_published_time":"2022-09-07T14:32:13+00:00","article_modified_time":"2022-09-14T13:52:10+00:00","og_image":[{"width":960,"height":150,"url":"https:\/\/www.he-arc.ch\/wp-content\/uploads\/2022\/09\/Banniere_1.jpg","type":"image\/jpeg"}],"author":"Mathias Froidevaux","twitter_card":"summary_large_image","twitter_misc":{"Written by":"Mathias Froidevaux","Est. reading time":"1 minute"},"schema":{"@context":"https:\/\/schema.org","@graph":[{"@type":"Article","@id":"https:\/\/www.he-arc.ch\/en\/actualites\/des-etudiant-e-s-de-la-he-arc-au-challenge-microcite\/#article","isPartOf":{"@id":"https:\/\/www.he-arc.ch\/en\/actualites\/des-etudiant-e-s-de-la-he-arc-au-challenge-microcite\/"},"author":{"name":"Mathias Froidevaux","@id":"https:\/\/www.he-arc.ch\/en\/#\/schema\/person\/79d8c7103de9dbba2ea2d70176a54469"},"headline":"Des \u00e9tudiant-e-s de la HE-Arc au Challenge MicroCit\u00e9","datePublished":"2022-09-07T14:32:13+00:00","dateModified":"2022-09-14T13:52:10+00:00","mainEntityOfPage":{"@id":"https:\/\/www.he-arc.ch\/en\/actualites\/des-etudiant-e-s-de-la-he-arc-au-challenge-microcite\/"},"wordCount":77,"publisher":{"@id":"https:\/\/www.he-arc.ch\/en\/#organization"},"image":{"@id":"https:\/\/www.he-arc.ch\/en\/actualites\/des-etudiant-e-s-de-la-he-arc-au-challenge-microcite\/#primaryimage"},"thumbnailUrl":"https:\/\/www.he-arc.ch\/wp-content\/uploads\/2022\/09\/Banniere_1.jpg","articleSection":["Non classifi\u00e9(e)"],"inLanguage":"en-US"},{"@type":"WebPage","@id":"https:\/\/www.he-arc.ch\/en\/actualites\/des-etudiant-e-s-de-la-he-arc-au-challenge-microcite\/","url":"https:\/\/www.he-arc.ch\/en\/actualites\/des-etudiant-e-s-de-la-he-arc-au-challenge-microcite\/","name":"Des \u00e9tudiant-e-s de la HE-Arc au Challenge MicroCit\u00e9 - Haute-Ecole Arc","isPartOf":{"@id":"https:\/\/www.he-arc.ch\/en\/#website"},"primaryImageOfPage":{"@id":"https:\/\/www.he-arc.ch\/en\/actualites\/des-etudiant-e-s-de-la-he-arc-au-challenge-microcite\/#primaryimage"},"image":{"@id":"https:\/\/www.he-arc.ch\/en\/actualites\/des-etudiant-e-s-de-la-he-arc-au-challenge-microcite\/#primaryimage"},"thumbnailUrl":"https:\/\/www.he-arc.ch\/wp-content\/uploads\/2022\/09\/Banniere_1.jpg","datePublished":"2022-09-07T14:32:13+00:00","dateModified":"2022-09-14T13:52:10+00:00","breadcrumb":{"@id":"https:\/\/www.he-arc.ch\/en\/actualites\/des-etudiant-e-s-de-la-he-arc-au-challenge-microcite\/#breadcrumb"},"inLanguage":"en-US","potentialAction":[{"@type":"ReadAction","target":["https:\/\/www.he-arc.ch\/en\/actualites\/des-etudiant-e-s-de-la-he-arc-au-challenge-microcite\/"]}]},{"@type":"ImageObject","inLanguage":"en-US","@id":"https:\/\/www.he-arc.ch\/en\/actualites\/des-etudiant-e-s-de-la-he-arc-au-challenge-microcite\/#primaryimage","url":"https:\/\/www.he-arc.ch\/wp-content\/uploads\/2022\/09\/Banniere_1.jpg","contentUrl":"https:\/\/www.he-arc.ch\/wp-content\/uploads\/2022\/09\/Banniere_1.jpg","width":960,"height":150},{"@type":"BreadcrumbList","@id":"https:\/\/www.he-arc.ch\/en\/actualites\/des-etudiant-e-s-de-la-he-arc-au-challenge-microcite\/#breadcrumb","itemListElement":[{"@type":"ListItem","position":1,"name":"Accueil","item":"https:\/\/www.he-arc.ch\/en\/"},{"@type":"ListItem","position":2,"name":"Des \u00e9tudiant-e-s de la HE-Arc au Challenge MicroCit\u00e9"}]},{"@type":"WebSite","@id":"https:\/\/www.he-arc.ch\/en\/#website","url":"https:\/\/www.he-arc.ch\/en\/","name":"Haute-Ecole Arc","description":"Haute \u00e9cole sp\u00e9cialis\u00e9e Suisse. Gestion, Ing\u00e9nierie, Sant\u00e9, Conservation-\u200brestauration.","publisher":{"@id":"https:\/\/www.he-arc.ch\/en\/#organization"},"potentialAction":[{"@type":"SearchAction","target":{"@type":"EntryPoint","urlTemplate":"https:\/\/www.he-arc.ch\/en\/?s={search_term_string}"},"query-input":{"@type":"PropertyValueSpecification","valueRequired":true,"valueName":"search_term_string"}}],"inLanguage":"en-US"},{"@type":"Organization","@id":"https:\/\/www.he-arc.ch\/en\/#organization","name":"Haute Ecole Arc","url":"https:\/\/www.he-arc.ch\/en\/","logo":{"@type":"ImageObject","inLanguage":"en-US","@id":"https:\/\/www.he-arc.ch\/en\/#\/schema\/logo\/image\/","url":"https:\/\/www.he-arc.ch\/wp-content\/uploads\/2022\/01\/logo-he-arc.svg","contentUrl":"https:\/\/www.he-arc.ch\/wp-content\/uploads\/2022\/01\/logo-he-arc.svg","width":140,"height":42,"caption":"Haute Ecole Arc"},"image":{"@id":"https:\/\/www.he-arc.ch\/en\/#\/schema\/logo\/image\/"}},{"@type":"Person","@id":"https:\/\/www.he-arc.ch\/en\/#\/schema\/person\/79d8c7103de9dbba2ea2d70176a54469","name":"Mathias Froidevaux","image":{"@type":"ImageObject","inLanguage":"en-US","@id":"https:\/\/www.he-arc.ch\/en\/#\/schema\/person\/image\/","url":"https:\/\/secure.gravatar.com\/avatar\/b6935ff87dc00dd8c158bc6418423a2c1ff841d996ab1adbefb9b5e3156c8373?s=96&d=mm&r=g","contentUrl":"https:\/\/secure.gravatar.com\/avatar\/b6935ff87dc00dd8c158bc6418423a2c1ff841d996ab1adbefb9b5e3156c8373?s=96&d=mm&r=g","caption":"Mathias Froidevaux"}}]}},"_links":{"self":[{"href":"https:\/\/www.he-arc.ch\/en\/wp-json\/wp\/v2\/posts\/36615","targetHints":{"allow":["GET"]}}],"collection":[{"href":"https:\/\/www.he-arc.ch\/en\/wp-json\/wp\/v2\/posts"}],"about":[{"href":"https:\/\/www.he-arc.ch\/en\/wp-json\/wp\/v2\/types\/post"}],"author":[{"embeddable":true,"href":"https:\/\/www.he-arc.ch\/en\/wp-json\/wp\/v2\/users\/9"}],"replies":[{"embeddable":true,"href":"https:\/\/www.he-arc.ch\/en\/wp-json\/wp\/v2\/comments?post=36615"}],"version-history":[{"count":20,"href":"https:\/\/www.he-arc.ch\/en\/wp-json\/wp\/v2\/posts\/36615\/revisions"}],"predecessor-version":[{"id":37205,"href":"https:\/\/www.he-arc.ch\/en\/wp-json\/wp\/v2\/posts\/36615\/revisions\/37205"}],"wp:featuredmedia":[{"embeddable":true,"href":"https:\/\/www.he-arc.ch\/en\/wp-json\/wp\/v2\/media\/37006"}],"wp:attachment":[{"href":"https:\/\/www.he-arc.ch\/en\/wp-json\/wp\/v2\/media?parent=36615"}],"wp:term":[{"taxonomy":"category","embeddable":true,"href":"https:\/\/www.he-arc.ch\/en\/wp-json\/wp\/v2\/categories?post=36615"},{"taxonomy":"post_tag","embeddable":true,"href":"https:\/\/www.he-arc.ch\/en\/wp-json\/wp\/v2\/tags?post=36615"},{"taxonomy":"he-arc_domain","embeddable":true,"href":"https:\/\/www.he-arc.ch\/en\/wp-json\/wp\/v2\/he-arc_domain?post=36615"}],"curies":[{"name":"wp","href":"https:\/\/api.w.org\/{rel}","templated":true}]}}