{"id":50234,"date":"2023-10-18T10:18:50","date_gmt":"2023-10-18T09:18:50","guid":{"rendered":"https:\/\/www.he-arc.ch\/?p=50234"},"modified":"2023-10-18T10:29:20","modified_gmt":"2023-10-18T09:29:20","slug":"une-semaine-entiere-consacree-a-lenergie-et-au-climat-pour-sensibiliser-former-et-inspirer-a-agir","status":"publish","type":"post","link":"https:\/\/www.he-arc.ch\/en\/actualites\/une-semaine-entiere-consacree-a-lenergie-et-au-climat-pour-sensibiliser-former-et-inspirer-a-agir\/","title":{"rendered":"Une semaine consacr\u00e9e \u00e0 l\u2019\u00e9nergie et au climat pour sensibiliser, former et inspirer \u00e0 agir"},"content":{"rendered":"\n<p>Du 9 au 12 octobre 2023, nos \u00e9tudiant-e-s de 1\u00e8re ann\u00e9e ont&nbsp;:<br>\u2705 cr\u00e9\u00e9 ensemble La Fresque du Climat, pour prendre conscience de l\u2019impact de l\u2019humain sur l\u2019environnement<br>\u2705 particip\u00e9 activement \u00e0 des ateliers consacr\u00e9s \u00e0 l&#8217;\u00e9nergie<br>\u2705 assist\u00e9 \u00e0 deux conf\u00e9rences sur les th\u00e8mes de la transition \u00e9nerg\u00e9tique et du climat donn\u00e9es par&nbsp;Marc Muller, fondateur d\u2019Impact Living, et&nbsp;Martine Rebetez, professeure \u00e0 l\u2019Universit\u00e9 de Neuch\u00e2tel<br>\u2705 visit\u00e9 la centrale solaire et \u00e9olienne de Mont-Soleil<\/p>\n\n\n\n<p>Pour r\u00e9pondre aux d\u00e9fis climatiques et \u00e9nerg\u00e9tiques de demain, les questions de durabilit\u00e9 font partie de nos programmes de formation et de nos projets de recherche.<\/p>\n\n\n\n<p><a href=\"https:\/\/www.he-arc.ch\/wp-content\/uploads\/2023\/10\/Semaine-du-climat-et-de-lenergie-HE-Arc-Ingenierie.pdf\" target=\"_blank\" rel=\"noreferrer noopener\">Communiqu\u00e9 de presse<\/a><\/p>\n\n\n\n<p><a href=\"https:\/\/www.he-arc.ch\/presse\/?_project_year=2023&amp;_domain=ingenierie\" target=\"_blank\" rel=\"noreferrer noopener\">Revue de presse<\/a><\/p>\n\n\n\n<div id='gallery-1' class='gallery galleryid-50234 gallery-columns-3 gallery-size-thumbnail'><figure class='gallery-item'>\n\t\t\t<div class='gallery-icon landscape'>\n\t\t\t\t<a href='https:\/\/www.he-arc.ch\/en\/climat_1-2\/'><img decoding=\"async\" width=\"150\" height=\"150\" src=\"https:\/\/www.he-arc.ch\/wp-content\/uploads\/2023\/10\/climat_1-150x150.jpg\" class=\"attachment-thumbnail size-thumbnail\" alt=\"\" srcset=\"https:\/\/www.he-arc.ch\/wp-content\/uploads\/2023\/10\/climat_1-150x150.jpg 150w, https:\/\/www.he-arc.ch\/wp-content\/uploads\/2023\/10\/climat_1-300x300.jpg 300w, https:\/\/www.he-arc.ch\/wp-content\/uploads\/2023\/10\/climat_1-1024x1024.jpg 1024w, https:\/\/www.he-arc.ch\/wp-content\/uploads\/2023\/10\/climat_1-768x768.jpg 768w, https:\/\/www.he-arc.ch\/wp-content\/uploads\/2023\/10\/climat_1.jpg 1200w\" sizes=\"(max-width: 150px) 100vw, 150px\" \/><\/a>\n\t\t\t<\/div><\/figure><figure class='gallery-item'>\n\t\t\t<div class='gallery-icon landscape'>\n\t\t\t\t<a href='https:\/\/www.he-arc.ch\/en\/climat_2-2\/'><img decoding=\"async\" width=\"150\" height=\"150\" src=\"https:\/\/www.he-arc.ch\/wp-content\/uploads\/2023\/10\/climat_2-150x150.jpg\" class=\"attachment-thumbnail size-thumbnail\" alt=\"\" srcset=\"https:\/\/www.he-arc.ch\/wp-content\/uploads\/2023\/10\/climat_2-150x150.jpg 150w, https:\/\/www.he-arc.ch\/wp-content\/uploads\/2023\/10\/climat_2-300x300.jpg 300w, https:\/\/www.he-arc.ch\/wp-content\/uploads\/2023\/10\/climat_2-1024x1024.jpg 1024w, https:\/\/www.he-arc.ch\/wp-content\/uploads\/2023\/10\/climat_2-768x768.jpg 768w, https:\/\/www.he-arc.ch\/wp-content\/uploads\/2023\/10\/climat_2.jpg 1200w\" sizes=\"(max-width: 150px) 100vw, 150px\" \/><\/a>\n\t\t\t<\/div><\/figure><figure class='gallery-item'>\n\t\t\t<div class='gallery-icon landscape'>\n\t\t\t\t<a href='https:\/\/www.he-arc.ch\/en\/climat_3-2\/'><img decoding=\"async\" width=\"150\" height=\"150\" src=\"https:\/\/www.he-arc.ch\/wp-content\/uploads\/2023\/10\/climat_3-150x150.jpg\" class=\"attachment-thumbnail size-thumbnail\" alt=\"\" srcset=\"https:\/\/www.he-arc.ch\/wp-content\/uploads\/2023\/10\/climat_3-150x150.jpg 150w, https:\/\/www.he-arc.ch\/wp-content\/uploads\/2023\/10\/climat_3-300x300.jpg 300w, https:\/\/www.he-arc.ch\/wp-content\/uploads\/2023\/10\/climat_3-1024x1024.jpg 1024w, https:\/\/www.he-arc.ch\/wp-content\/uploads\/2023\/10\/climat_3-768x768.jpg 768w, https:\/\/www.he-arc.ch\/wp-content\/uploads\/2023\/10\/climat_3.jpg 1200w\" sizes=\"(max-width: 150px) 100vw, 150px\" \/><\/a>\n\t\t\t<\/div><\/figure><figure class='gallery-item'>\n\t\t\t<div class='gallery-icon landscape'>\n\t\t\t\t<a href='https:\/\/www.he-arc.ch\/en\/climat_4-2\/'><img decoding=\"async\" width=\"150\" height=\"150\" src=\"https:\/\/www.he-arc.ch\/wp-content\/uploads\/2023\/10\/climat_4-150x150.jpg\" class=\"attachment-thumbnail size-thumbnail\" alt=\"\" srcset=\"https:\/\/www.he-arc.ch\/wp-content\/uploads\/2023\/10\/climat_4-150x150.jpg 150w, https:\/\/www.he-arc.ch\/wp-content\/uploads\/2023\/10\/climat_4-300x300.jpg 300w, https:\/\/www.he-arc.ch\/wp-content\/uploads\/2023\/10\/climat_4-1024x1024.jpg 1024w, https:\/\/www.he-arc.ch\/wp-content\/uploads\/2023\/10\/climat_4-768x768.jpg 768w, https:\/\/www.he-arc.ch\/wp-content\/uploads\/2023\/10\/climat_4.jpg 1200w\" sizes=\"(max-width: 150px) 100vw, 150px\" \/><\/a>\n\t\t\t<\/div><\/figure><figure class='gallery-item'>\n\t\t\t<div class='gallery-icon landscape'>\n\t\t\t\t<a href='https:\/\/www.he-arc.ch\/en\/climat_5-2\/'><img decoding=\"async\" width=\"150\" height=\"150\" src=\"https:\/\/www.he-arc.ch\/wp-content\/uploads\/2023\/10\/climat_5-150x150.jpg\" class=\"attachment-thumbnail size-thumbnail\" alt=\"\" srcset=\"https:\/\/www.he-arc.ch\/wp-content\/uploads\/2023\/10\/climat_5-150x150.jpg 150w, https:\/\/www.he-arc.ch\/wp-content\/uploads\/2023\/10\/climat_5-300x300.jpg 300w, https:\/\/www.he-arc.ch\/wp-content\/uploads\/2023\/10\/climat_5-1024x1024.jpg 1024w, https:\/\/www.he-arc.ch\/wp-content\/uploads\/2023\/10\/climat_5-768x768.jpg 768w, https:\/\/www.he-arc.ch\/wp-content\/uploads\/2023\/10\/climat_5.jpg 1200w\" sizes=\"(max-width: 150px) 100vw, 150px\" \/><\/a>\n\t\t\t<\/div><\/figure><figure class='gallery-item'>\n\t\t\t<div class='gallery-icon landscape'>\n\t\t\t\t<a href='https:\/\/www.he-arc.ch\/en\/climat_6-2\/'><img decoding=\"async\" width=\"150\" height=\"150\" src=\"https:\/\/www.he-arc.ch\/wp-content\/uploads\/2023\/10\/climat_6-150x150.jpg\" class=\"attachment-thumbnail size-thumbnail\" alt=\"\" srcset=\"https:\/\/www.he-arc.ch\/wp-content\/uploads\/2023\/10\/climat_6-150x150.jpg 150w, https:\/\/www.he-arc.ch\/wp-content\/uploads\/2023\/10\/climat_6-300x300.jpg 300w, https:\/\/www.he-arc.ch\/wp-content\/uploads\/2023\/10\/climat_6-1024x1024.jpg 1024w, https:\/\/www.he-arc.ch\/wp-content\/uploads\/2023\/10\/climat_6-768x768.jpg 768w, https:\/\/www.he-arc.ch\/wp-content\/uploads\/2023\/10\/climat_6.jpg 1200w\" sizes=\"(max-width: 150px) 100vw, 150px\" \/><\/a>\n\t\t\t<\/div><\/figure><figure class='gallery-item'>\n\t\t\t<div class='gallery-icon landscape'>\n\t\t\t\t<a href='https:\/\/www.he-arc.ch\/en\/climat_7-2\/'><img decoding=\"async\" width=\"150\" height=\"150\" src=\"https:\/\/www.he-arc.ch\/wp-content\/uploads\/2023\/10\/climat_7-150x150.jpg\" class=\"attachment-thumbnail size-thumbnail\" alt=\"\" srcset=\"https:\/\/www.he-arc.ch\/wp-content\/uploads\/2023\/10\/climat_7-150x150.jpg 150w, https:\/\/www.he-arc.ch\/wp-content\/uploads\/2023\/10\/climat_7-300x300.jpg 300w, https:\/\/www.he-arc.ch\/wp-content\/uploads\/2023\/10\/climat_7-1024x1024.jpg 1024w, https:\/\/www.he-arc.ch\/wp-content\/uploads\/2023\/10\/climat_7-768x768.jpg 768w, https:\/\/www.he-arc.ch\/wp-content\/uploads\/2023\/10\/climat_7.jpg 1200w\" sizes=\"(max-width: 150px) 100vw, 150px\" \/><\/a>\n\t\t\t<\/div><\/figure><figure class='gallery-item'>\n\t\t\t<div class='gallery-icon landscape'>\n\t\t\t\t<a href='https:\/\/www.he-arc.ch\/en\/climat_8-2\/'><img decoding=\"async\" width=\"150\" height=\"150\" src=\"https:\/\/www.he-arc.ch\/wp-content\/uploads\/2023\/10\/climat_8-150x150.jpg\" class=\"attachment-thumbnail size-thumbnail\" alt=\"\" srcset=\"https:\/\/www.he-arc.ch\/wp-content\/uploads\/2023\/10\/climat_8-150x150.jpg 150w, https:\/\/www.he-arc.ch\/wp-content\/uploads\/2023\/10\/climat_8-300x300.jpg 300w, https:\/\/www.he-arc.ch\/wp-content\/uploads\/2023\/10\/climat_8-1024x1024.jpg 1024w, https:\/\/www.he-arc.ch\/wp-content\/uploads\/2023\/10\/climat_8-768x768.jpg 768w, https:\/\/www.he-arc.ch\/wp-content\/uploads\/2023\/10\/climat_8.jpg 1200w\" sizes=\"(max-width: 150px) 100vw, 150px\" \/><\/a>\n\t\t\t<\/div><\/figure><figure class='gallery-item'>\n\t\t\t<div class='gallery-icon landscape'>\n\t\t\t\t<a href='https:\/\/www.he-arc.ch\/en\/climat_9-2\/'><img decoding=\"async\" width=\"150\" height=\"150\" src=\"https:\/\/www.he-arc.ch\/wp-content\/uploads\/2023\/10\/climat_9-150x150.jpg\" class=\"attachment-thumbnail size-thumbnail\" alt=\"\" srcset=\"https:\/\/www.he-arc.ch\/wp-content\/uploads\/2023\/10\/climat_9-150x150.jpg 150w, https:\/\/www.he-arc.ch\/wp-content\/uploads\/2023\/10\/climat_9-300x300.jpg 300w, https:\/\/www.he-arc.ch\/wp-content\/uploads\/2023\/10\/climat_9-1024x1024.jpg 1024w, https:\/\/www.he-arc.ch\/wp-content\/uploads\/2023\/10\/climat_9-768x768.jpg 768w, https:\/\/www.he-arc.ch\/wp-content\/uploads\/2023\/10\/climat_9.jpg 1200w\" sizes=\"(max-width: 150px) 100vw, 150px\" \/><\/a>\n\t\t\t<\/div><\/figure><figure class='gallery-item'>\n\t\t\t<div class='gallery-icon landscape'>\n\t\t\t\t<a href='https:\/\/www.he-arc.ch\/en\/climat_10-2\/'><img decoding=\"async\" width=\"150\" height=\"150\" src=\"https:\/\/www.he-arc.ch\/wp-content\/uploads\/2023\/10\/climat_10-150x150.jpg\" class=\"attachment-thumbnail size-thumbnail\" alt=\"\" srcset=\"https:\/\/www.he-arc.ch\/wp-content\/uploads\/2023\/10\/climat_10-150x150.jpg 150w, https:\/\/www.he-arc.ch\/wp-content\/uploads\/2023\/10\/climat_10-300x300.jpg 300w, https:\/\/www.he-arc.ch\/wp-content\/uploads\/2023\/10\/climat_10-1024x1024.jpg 1024w, https:\/\/www.he-arc.ch\/wp-content\/uploads\/2023\/10\/climat_10-768x768.jpg 768w, https:\/\/www.he-arc.ch\/wp-content\/uploads\/2023\/10\/climat_10.jpg 1200w\" sizes=\"(max-width: 150px) 100vw, 150px\" \/><\/a>\n\t\t\t<\/div><\/figure><figure class='gallery-item'>\n\t\t\t<div class='gallery-icon landscape'>\n\t\t\t\t<a href='https:\/\/www.he-arc.ch\/en\/climat_11-2\/'><img decoding=\"async\" width=\"150\" height=\"150\" src=\"https:\/\/www.he-arc.ch\/wp-content\/uploads\/2023\/10\/climat_11-150x150.jpg\" class=\"attachment-thumbnail size-thumbnail\" alt=\"\" srcset=\"https:\/\/www.he-arc.ch\/wp-content\/uploads\/2023\/10\/climat_11-150x150.jpg 150w, https:\/\/www.he-arc.ch\/wp-content\/uploads\/2023\/10\/climat_11-300x300.jpg 300w, https:\/\/www.he-arc.ch\/wp-content\/uploads\/2023\/10\/climat_11-1024x1024.jpg 1024w, https:\/\/www.he-arc.ch\/wp-content\/uploads\/2023\/10\/climat_11-768x768.jpg 768w, https:\/\/www.he-arc.ch\/wp-content\/uploads\/2023\/10\/climat_11.jpg 1200w\" sizes=\"(max-width: 150px) 100vw, 150px\" \/><\/a>\n\t\t\t<\/div><\/figure><figure class='gallery-item'>\n\t\t\t<div class='gallery-icon landscape'>\n\t\t\t\t<a href='https:\/\/www.he-arc.ch\/en\/climat_12-2\/'><img decoding=\"async\" width=\"150\" height=\"150\" src=\"https:\/\/www.he-arc.ch\/wp-content\/uploads\/2023\/10\/climat_12-150x150.jpg\" class=\"attachment-thumbnail size-thumbnail\" alt=\"\" srcset=\"https:\/\/www.he-arc.ch\/wp-content\/uploads\/2023\/10\/climat_12-150x150.jpg 150w, https:\/\/www.he-arc.ch\/wp-content\/uploads\/2023\/10\/climat_12-300x300.jpg 300w, https:\/\/www.he-arc.ch\/wp-content\/uploads\/2023\/10\/climat_12-1024x1024.jpg 1024w, https:\/\/www.he-arc.ch\/wp-content\/uploads\/2023\/10\/climat_12-768x768.jpg 768w, https:\/\/www.he-arc.ch\/wp-content\/uploads\/2023\/10\/climat_12.jpg 1200w\" sizes=\"(max-width: 150px) 100vw, 150px\" \/><\/a>\n\t\t\t<\/div><\/figure><figure class='gallery-item'>\n\t\t\t<div class='gallery-icon landscape'>\n\t\t\t\t<a href='https:\/\/www.he-arc.ch\/en\/climat_13-2\/'><img decoding=\"async\" width=\"150\" height=\"150\" src=\"https:\/\/www.he-arc.ch\/wp-content\/uploads\/2023\/10\/climat_13-150x150.jpg\" class=\"attachment-thumbnail size-thumbnail\" alt=\"\" srcset=\"https:\/\/www.he-arc.ch\/wp-content\/uploads\/2023\/10\/climat_13-150x150.jpg 150w, https:\/\/www.he-arc.ch\/wp-content\/uploads\/2023\/10\/climat_13-300x300.jpg 300w, https:\/\/www.he-arc.ch\/wp-content\/uploads\/2023\/10\/climat_13-1024x1024.jpg 1024w, https:\/\/www.he-arc.ch\/wp-content\/uploads\/2023\/10\/climat_13-768x768.jpg 768w, https:\/\/www.he-arc.ch\/wp-content\/uploads\/2023\/10\/climat_13.jpg 1200w\" sizes=\"(max-width: 150px) 100vw, 150px\" \/><\/a>\n\t\t\t<\/div><\/figure><figure class='gallery-item'>\n\t\t\t<div class='gallery-icon landscape'>\n\t\t\t\t<a href='https:\/\/www.he-arc.ch\/en\/climat_14-2\/'><img decoding=\"async\" width=\"150\" height=\"150\" src=\"https:\/\/www.he-arc.ch\/wp-content\/uploads\/2023\/10\/climat_14-150x150.jpg\" class=\"attachment-thumbnail size-thumbnail\" alt=\"\" srcset=\"https:\/\/www.he-arc.ch\/wp-content\/uploads\/2023\/10\/climat_14-150x150.jpg 150w, https:\/\/www.he-arc.ch\/wp-content\/uploads\/2023\/10\/climat_14-300x300.jpg 300w, https:\/\/www.he-arc.ch\/wp-content\/uploads\/2023\/10\/climat_14-1024x1024.jpg 1024w, https:\/\/www.he-arc.ch\/wp-content\/uploads\/2023\/10\/climat_14-768x768.jpg 768w, https:\/\/www.he-arc.ch\/wp-content\/uploads\/2023\/10\/climat_14.jpg 1200w\" sizes=\"(max-width: 150px) 100vw, 150px\" \/><\/a>\n\t\t\t<\/div><\/figure>\n\t\t<\/div>\n\n","protected":false},"excerpt":{"rendered":"<p>Du 9 au 12 octobre 2023, nos \u00e9tudiant-e-s de 1\u00e8re ann\u00e9e ont&nbsp;:\u2705 cr\u00e9\u00e9 ensemble La Fresque du Climat, pour prendre conscience de l\u2019impact de l\u2019humain sur l\u2019environnement\u2705 particip\u00e9 activement \u00e0 des ateliers consacr\u00e9s \u00e0 l&#8217;\u00e9nergie\u2705 assist\u00e9 \u00e0 deux conf\u00e9rences sur les th\u00e8mes de la transition \u00e9nerg\u00e9tique et du climat donn\u00e9es par&nbsp;Marc Muller, fondateur d\u2019Impact Living, [&hellip;]<\/p>\n","protected":false},"author":6,"featured_media":50237,"comment_status":"closed","ping_status":"open","sticky":false,"template":"","format":"standard","meta":{"_acf_changed":false,"footnotes":""},"categories":[1],"tags":[],"he-arc_domain":[3],"class_list":["post-50234","post","type-post","status-publish","format-standard","has-post-thumbnail","hentry","category-non-classifiee","he-arc_domain-ingenierie"],"acf":[],"yoast_head":"<!-- This site is optimized with the Yoast SEO plugin v26.6 - https:\/\/yoast.com\/wordpress\/plugins\/seo\/ -->\n<title>Une semaine consacr\u00e9e \u00e0 l\u2019\u00e9nergie et au climat pour sensibiliser, former et inspirer \u00e0 agir - Haute-Ecole Arc<\/title>\n<meta name=\"robots\" content=\"index, follow, max-snippet:-1, max-image-preview:large, max-video-preview:-1\" \/>\n<link rel=\"canonical\" href=\"https:\/\/www.he-arc.ch\/en\/actualites\/une-semaine-entiere-consacree-a-lenergie-et-au-climat-pour-sensibiliser-former-et-inspirer-a-agir\/\" \/>\n<meta property=\"og:locale\" content=\"en_US\" \/>\n<meta property=\"og:type\" content=\"article\" \/>\n<meta property=\"og:title\" content=\"Une semaine consacr\u00e9e \u00e0 l\u2019\u00e9nergie et au climat pour sensibiliser, former et inspirer \u00e0 agir - Haute-Ecole Arc\" \/>\n<meta property=\"og:description\" content=\"Du 9 au 12 octobre 2023, nos \u00e9tudiant-e-s de 1\u00e8re ann\u00e9e ont&nbsp;:\u2705 cr\u00e9\u00e9 ensemble La Fresque du Climat, pour prendre conscience de l\u2019impact de l\u2019humain sur l\u2019environnement\u2705 particip\u00e9 activement \u00e0 des ateliers consacr\u00e9s \u00e0 l&#8217;\u00e9nergie\u2705 assist\u00e9 \u00e0 deux conf\u00e9rences sur les th\u00e8mes de la transition \u00e9nerg\u00e9tique et du climat donn\u00e9es par&nbsp;Marc Muller, fondateur d\u2019Impact Living, [&hellip;]\" \/>\n<meta property=\"og:url\" content=\"https:\/\/www.he-arc.ch\/en\/actualites\/une-semaine-entiere-consacree-a-lenergie-et-au-climat-pour-sensibiliser-former-et-inspirer-a-agir\/\" \/>\n<meta property=\"og:site_name\" content=\"Haute-Ecole Arc\" \/>\n<meta property=\"article:published_time\" content=\"2023-10-18T09:18:50+00:00\" \/>\n<meta property=\"article:modified_time\" content=\"2023-10-18T09:29:20+00:00\" \/>\n<meta property=\"og:image\" content=\"https:\/\/www.he-arc.ch\/wp-content\/uploads\/2023\/10\/climat_2.jpg\" \/>\n\t<meta property=\"og:image:width\" content=\"1200\" \/>\n\t<meta property=\"og:image:height\" content=\"1200\" \/>\n\t<meta property=\"og:image:type\" content=\"image\/jpeg\" \/>\n<meta name=\"author\" content=\"Andreea Mihet\" \/>\n<meta name=\"twitter:card\" content=\"summary_large_image\" \/>\n<meta name=\"twitter:label1\" content=\"Written by\" \/>\n\t<meta name=\"twitter:data1\" content=\"Andreea Mihet\" \/>\n\t<meta name=\"twitter:label2\" content=\"Est. reading time\" \/>\n\t<meta name=\"twitter:data2\" content=\"1 minute\" \/>\n<script type=\"application\/ld+json\" class=\"yoast-schema-graph\">{\"@context\":\"https:\/\/schema.org\",\"@graph\":[{\"@type\":\"Article\",\"@id\":\"https:\/\/www.he-arc.ch\/en\/actualites\/une-semaine-entiere-consacree-a-lenergie-et-au-climat-pour-sensibiliser-former-et-inspirer-a-agir\/#article\",\"isPartOf\":{\"@id\":\"https:\/\/www.he-arc.ch\/en\/actualites\/une-semaine-entiere-consacree-a-lenergie-et-au-climat-pour-sensibiliser-former-et-inspirer-a-agir\/\"},\"author\":{\"name\":\"Andreea Mihet\",\"@id\":\"https:\/\/www.he-arc.ch\/en\/#\/schema\/person\/ac00744ce8c393e67879d5d7b8fc68cb\"},\"headline\":\"Une semaine consacr\u00e9e \u00e0 l\u2019\u00e9nergie et au climat pour sensibiliser, former et inspirer \u00e0 agir\",\"datePublished\":\"2023-10-18T09:18:50+00:00\",\"dateModified\":\"2023-10-18T09:29:20+00:00\",\"mainEntityOfPage\":{\"@id\":\"https:\/\/www.he-arc.ch\/en\/actualites\/une-semaine-entiere-consacree-a-lenergie-et-au-climat-pour-sensibiliser-former-et-inspirer-a-agir\/\"},\"wordCount\":135,\"publisher\":{\"@id\":\"https:\/\/www.he-arc.ch\/en\/#organization\"},\"image\":{\"@id\":\"https:\/\/www.he-arc.ch\/en\/actualites\/une-semaine-entiere-consacree-a-lenergie-et-au-climat-pour-sensibiliser-former-et-inspirer-a-agir\/#primaryimage\"},\"thumbnailUrl\":\"https:\/\/www.he-arc.ch\/wp-content\/uploads\/2023\/10\/climat_2.jpg\",\"articleSection\":[\"Non classifi\u00e9(e)\"],\"inLanguage\":\"en-US\"},{\"@type\":\"WebPage\",\"@id\":\"https:\/\/www.he-arc.ch\/en\/actualites\/une-semaine-entiere-consacree-a-lenergie-et-au-climat-pour-sensibiliser-former-et-inspirer-a-agir\/\",\"url\":\"https:\/\/www.he-arc.ch\/en\/actualites\/une-semaine-entiere-consacree-a-lenergie-et-au-climat-pour-sensibiliser-former-et-inspirer-a-agir\/\",\"name\":\"Une semaine consacr\u00e9e \u00e0 l\u2019\u00e9nergie et au climat pour sensibiliser, former et inspirer \u00e0 agir - Haute-Ecole Arc\",\"isPartOf\":{\"@id\":\"https:\/\/www.he-arc.ch\/en\/#website\"},\"primaryImageOfPage\":{\"@id\":\"https:\/\/www.he-arc.ch\/en\/actualites\/une-semaine-entiere-consacree-a-lenergie-et-au-climat-pour-sensibiliser-former-et-inspirer-a-agir\/#primaryimage\"},\"image\":{\"@id\":\"https:\/\/www.he-arc.ch\/en\/actualites\/une-semaine-entiere-consacree-a-lenergie-et-au-climat-pour-sensibiliser-former-et-inspirer-a-agir\/#primaryimage\"},\"thumbnailUrl\":\"https:\/\/www.he-arc.ch\/wp-content\/uploads\/2023\/10\/climat_2.jpg\",\"datePublished\":\"2023-10-18T09:18:50+00:00\",\"dateModified\":\"2023-10-18T09:29:20+00:00\",\"breadcrumb\":{\"@id\":\"https:\/\/www.he-arc.ch\/en\/actualites\/une-semaine-entiere-consacree-a-lenergie-et-au-climat-pour-sensibiliser-former-et-inspirer-a-agir\/#breadcrumb\"},\"inLanguage\":\"en-US\",\"potentialAction\":[{\"@type\":\"ReadAction\",\"target\":[\"https:\/\/www.he-arc.ch\/en\/actualites\/une-semaine-entiere-consacree-a-lenergie-et-au-climat-pour-sensibiliser-former-et-inspirer-a-agir\/\"]}]},{\"@type\":\"ImageObject\",\"inLanguage\":\"en-US\",\"@id\":\"https:\/\/www.he-arc.ch\/en\/actualites\/une-semaine-entiere-consacree-a-lenergie-et-au-climat-pour-sensibiliser-former-et-inspirer-a-agir\/#primaryimage\",\"url\":\"https:\/\/www.he-arc.ch\/wp-content\/uploads\/2023\/10\/climat_2.jpg\",\"contentUrl\":\"https:\/\/www.he-arc.ch\/wp-content\/uploads\/2023\/10\/climat_2.jpg\",\"width\":1200,\"height\":1200},{\"@type\":\"BreadcrumbList\",\"@id\":\"https:\/\/www.he-arc.ch\/en\/actualites\/une-semaine-entiere-consacree-a-lenergie-et-au-climat-pour-sensibiliser-former-et-inspirer-a-agir\/#breadcrumb\",\"itemListElement\":[{\"@type\":\"ListItem\",\"position\":1,\"name\":\"Accueil\",\"item\":\"https:\/\/www.he-arc.ch\/en\/\"},{\"@type\":\"ListItem\",\"position\":2,\"name\":\"Une semaine consacr\u00e9e \u00e0 l\u2019\u00e9nergie et au climat pour sensibiliser, former et inspirer \u00e0 agir\"}]},{\"@type\":\"WebSite\",\"@id\":\"https:\/\/www.he-arc.ch\/en\/#website\",\"url\":\"https:\/\/www.he-arc.ch\/en\/\",\"name\":\"Haute-Ecole Arc\",\"description\":\"Haute \u00e9cole sp\u00e9cialis\u00e9e Suisse. Gestion, Ing\u00e9nierie, Sant\u00e9, Conservation-\u200brestauration.\",\"publisher\":{\"@id\":\"https:\/\/www.he-arc.ch\/en\/#organization\"},\"potentialAction\":[{\"@type\":\"SearchAction\",\"target\":{\"@type\":\"EntryPoint\",\"urlTemplate\":\"https:\/\/www.he-arc.ch\/en\/?s={search_term_string}\"},\"query-input\":{\"@type\":\"PropertyValueSpecification\",\"valueRequired\":true,\"valueName\":\"search_term_string\"}}],\"inLanguage\":\"en-US\"},{\"@type\":\"Organization\",\"@id\":\"https:\/\/www.he-arc.ch\/en\/#organization\",\"name\":\"Haute Ecole Arc\",\"url\":\"https:\/\/www.he-arc.ch\/en\/\",\"logo\":{\"@type\":\"ImageObject\",\"inLanguage\":\"en-US\",\"@id\":\"https:\/\/www.he-arc.ch\/en\/#\/schema\/logo\/image\/\",\"url\":\"https:\/\/www.he-arc.ch\/wp-content\/uploads\/2022\/01\/logo-he-arc.svg\",\"contentUrl\":\"https:\/\/www.he-arc.ch\/wp-content\/uploads\/2022\/01\/logo-he-arc.svg\",\"width\":140,\"height\":42,\"caption\":\"Haute Ecole Arc\"},\"image\":{\"@id\":\"https:\/\/www.he-arc.ch\/en\/#\/schema\/logo\/image\/\"}},{\"@type\":\"Person\",\"@id\":\"https:\/\/www.he-arc.ch\/en\/#\/schema\/person\/ac00744ce8c393e67879d5d7b8fc68cb\",\"name\":\"Andreea Mihet\",\"image\":{\"@type\":\"ImageObject\",\"inLanguage\":\"en-US\",\"@id\":\"https:\/\/www.he-arc.ch\/en\/#\/schema\/person\/image\/\",\"url\":\"https:\/\/secure.gravatar.com\/avatar\/e8751bfdea52347e7f00f9c6d7eecaead52cde8e7ce85416b76f95204880a794?s=96&d=mm&r=g\",\"contentUrl\":\"https:\/\/secure.gravatar.com\/avatar\/e8751bfdea52347e7f00f9c6d7eecaead52cde8e7ce85416b76f95204880a794?s=96&d=mm&r=g\",\"caption\":\"Andreea Mihet\"}}]}<\/script>\n<!-- \/ Yoast SEO plugin. -->","yoast_head_json":{"title":"Une semaine consacr\u00e9e \u00e0 l\u2019\u00e9nergie et au climat pour sensibiliser, former et inspirer \u00e0 agir - Haute-Ecole Arc","robots":{"index":"index","follow":"follow","max-snippet":"max-snippet:-1","max-image-preview":"max-image-preview:large","max-video-preview":"max-video-preview:-1"},"canonical":"https:\/\/www.he-arc.ch\/en\/actualites\/une-semaine-entiere-consacree-a-lenergie-et-au-climat-pour-sensibiliser-former-et-inspirer-a-agir\/","og_locale":"en_US","og_type":"article","og_title":"Une semaine consacr\u00e9e \u00e0 l\u2019\u00e9nergie et au climat pour sensibiliser, former et inspirer \u00e0 agir - Haute-Ecole Arc","og_description":"Du 9 au 12 octobre 2023, nos \u00e9tudiant-e-s de 1\u00e8re ann\u00e9e ont&nbsp;:\u2705 cr\u00e9\u00e9 ensemble La Fresque du Climat, pour prendre conscience de l\u2019impact de l\u2019humain sur l\u2019environnement\u2705 particip\u00e9 activement \u00e0 des ateliers consacr\u00e9s \u00e0 l&#8217;\u00e9nergie\u2705 assist\u00e9 \u00e0 deux conf\u00e9rences sur les th\u00e8mes de la transition \u00e9nerg\u00e9tique et du climat donn\u00e9es par&nbsp;Marc Muller, fondateur d\u2019Impact Living, [&hellip;]","og_url":"https:\/\/www.he-arc.ch\/en\/actualites\/une-semaine-entiere-consacree-a-lenergie-et-au-climat-pour-sensibiliser-former-et-inspirer-a-agir\/","og_site_name":"Haute-Ecole Arc","article_published_time":"2023-10-18T09:18:50+00:00","article_modified_time":"2023-10-18T09:29:20+00:00","og_image":[{"width":1200,"height":1200,"url":"https:\/\/www.he-arc.ch\/wp-content\/uploads\/2023\/10\/climat_2.jpg","type":"image\/jpeg"}],"author":"Andreea Mihet","twitter_card":"summary_large_image","twitter_misc":{"Written by":"Andreea Mihet","Est. reading time":"1 minute"},"schema":{"@context":"https:\/\/schema.org","@graph":[{"@type":"Article","@id":"https:\/\/www.he-arc.ch\/en\/actualites\/une-semaine-entiere-consacree-a-lenergie-et-au-climat-pour-sensibiliser-former-et-inspirer-a-agir\/#article","isPartOf":{"@id":"https:\/\/www.he-arc.ch\/en\/actualites\/une-semaine-entiere-consacree-a-lenergie-et-au-climat-pour-sensibiliser-former-et-inspirer-a-agir\/"},"author":{"name":"Andreea Mihet","@id":"https:\/\/www.he-arc.ch\/en\/#\/schema\/person\/ac00744ce8c393e67879d5d7b8fc68cb"},"headline":"Une semaine consacr\u00e9e \u00e0 l\u2019\u00e9nergie et au climat pour sensibiliser, former et inspirer \u00e0 agir","datePublished":"2023-10-18T09:18:50+00:00","dateModified":"2023-10-18T09:29:20+00:00","mainEntityOfPage":{"@id":"https:\/\/www.he-arc.ch\/en\/actualites\/une-semaine-entiere-consacree-a-lenergie-et-au-climat-pour-sensibiliser-former-et-inspirer-a-agir\/"},"wordCount":135,"publisher":{"@id":"https:\/\/www.he-arc.ch\/en\/#organization"},"image":{"@id":"https:\/\/www.he-arc.ch\/en\/actualites\/une-semaine-entiere-consacree-a-lenergie-et-au-climat-pour-sensibiliser-former-et-inspirer-a-agir\/#primaryimage"},"thumbnailUrl":"https:\/\/www.he-arc.ch\/wp-content\/uploads\/2023\/10\/climat_2.jpg","articleSection":["Non classifi\u00e9(e)"],"inLanguage":"en-US"},{"@type":"WebPage","@id":"https:\/\/www.he-arc.ch\/en\/actualites\/une-semaine-entiere-consacree-a-lenergie-et-au-climat-pour-sensibiliser-former-et-inspirer-a-agir\/","url":"https:\/\/www.he-arc.ch\/en\/actualites\/une-semaine-entiere-consacree-a-lenergie-et-au-climat-pour-sensibiliser-former-et-inspirer-a-agir\/","name":"Une semaine consacr\u00e9e \u00e0 l\u2019\u00e9nergie et au climat pour sensibiliser, former et inspirer \u00e0 agir - Haute-Ecole Arc","isPartOf":{"@id":"https:\/\/www.he-arc.ch\/en\/#website"},"primaryImageOfPage":{"@id":"https:\/\/www.he-arc.ch\/en\/actualites\/une-semaine-entiere-consacree-a-lenergie-et-au-climat-pour-sensibiliser-former-et-inspirer-a-agir\/#primaryimage"},"image":{"@id":"https:\/\/www.he-arc.ch\/en\/actualites\/une-semaine-entiere-consacree-a-lenergie-et-au-climat-pour-sensibiliser-former-et-inspirer-a-agir\/#primaryimage"},"thumbnailUrl":"https:\/\/www.he-arc.ch\/wp-content\/uploads\/2023\/10\/climat_2.jpg","datePublished":"2023-10-18T09:18:50+00:00","dateModified":"2023-10-18T09:29:20+00:00","breadcrumb":{"@id":"https:\/\/www.he-arc.ch\/en\/actualites\/une-semaine-entiere-consacree-a-lenergie-et-au-climat-pour-sensibiliser-former-et-inspirer-a-agir\/#breadcrumb"},"inLanguage":"en-US","potentialAction":[{"@type":"ReadAction","target":["https:\/\/www.he-arc.ch\/en\/actualites\/une-semaine-entiere-consacree-a-lenergie-et-au-climat-pour-sensibiliser-former-et-inspirer-a-agir\/"]}]},{"@type":"ImageObject","inLanguage":"en-US","@id":"https:\/\/www.he-arc.ch\/en\/actualites\/une-semaine-entiere-consacree-a-lenergie-et-au-climat-pour-sensibiliser-former-et-inspirer-a-agir\/#primaryimage","url":"https:\/\/www.he-arc.ch\/wp-content\/uploads\/2023\/10\/climat_2.jpg","contentUrl":"https:\/\/www.he-arc.ch\/wp-content\/uploads\/2023\/10\/climat_2.jpg","width":1200,"height":1200},{"@type":"BreadcrumbList","@id":"https:\/\/www.he-arc.ch\/en\/actualites\/une-semaine-entiere-consacree-a-lenergie-et-au-climat-pour-sensibiliser-former-et-inspirer-a-agir\/#breadcrumb","itemListElement":[{"@type":"ListItem","position":1,"name":"Accueil","item":"https:\/\/www.he-arc.ch\/en\/"},{"@type":"ListItem","position":2,"name":"Une semaine consacr\u00e9e \u00e0 l\u2019\u00e9nergie et au climat pour sensibiliser, former et inspirer \u00e0 agir"}]},{"@type":"WebSite","@id":"https:\/\/www.he-arc.ch\/en\/#website","url":"https:\/\/www.he-arc.ch\/en\/","name":"Haute-Ecole Arc","description":"Haute \u00e9cole sp\u00e9cialis\u00e9e Suisse. Gestion, Ing\u00e9nierie, Sant\u00e9, Conservation-\u200brestauration.","publisher":{"@id":"https:\/\/www.he-arc.ch\/en\/#organization"},"potentialAction":[{"@type":"SearchAction","target":{"@type":"EntryPoint","urlTemplate":"https:\/\/www.he-arc.ch\/en\/?s={search_term_string}"},"query-input":{"@type":"PropertyValueSpecification","valueRequired":true,"valueName":"search_term_string"}}],"inLanguage":"en-US"},{"@type":"Organization","@id":"https:\/\/www.he-arc.ch\/en\/#organization","name":"Haute Ecole Arc","url":"https:\/\/www.he-arc.ch\/en\/","logo":{"@type":"ImageObject","inLanguage":"en-US","@id":"https:\/\/www.he-arc.ch\/en\/#\/schema\/logo\/image\/","url":"https:\/\/www.he-arc.ch\/wp-content\/uploads\/2022\/01\/logo-he-arc.svg","contentUrl":"https:\/\/www.he-arc.ch\/wp-content\/uploads\/2022\/01\/logo-he-arc.svg","width":140,"height":42,"caption":"Haute Ecole Arc"},"image":{"@id":"https:\/\/www.he-arc.ch\/en\/#\/schema\/logo\/image\/"}},{"@type":"Person","@id":"https:\/\/www.he-arc.ch\/en\/#\/schema\/person\/ac00744ce8c393e67879d5d7b8fc68cb","name":"Andreea Mihet","image":{"@type":"ImageObject","inLanguage":"en-US","@id":"https:\/\/www.he-arc.ch\/en\/#\/schema\/person\/image\/","url":"https:\/\/secure.gravatar.com\/avatar\/e8751bfdea52347e7f00f9c6d7eecaead52cde8e7ce85416b76f95204880a794?s=96&d=mm&r=g","contentUrl":"https:\/\/secure.gravatar.com\/avatar\/e8751bfdea52347e7f00f9c6d7eecaead52cde8e7ce85416b76f95204880a794?s=96&d=mm&r=g","caption":"Andreea Mihet"}}]}},"_links":{"self":[{"href":"https:\/\/www.he-arc.ch\/en\/wp-json\/wp\/v2\/posts\/50234","targetHints":{"allow":["GET"]}}],"collection":[{"href":"https:\/\/www.he-arc.ch\/en\/wp-json\/wp\/v2\/posts"}],"about":[{"href":"https:\/\/www.he-arc.ch\/en\/wp-json\/wp\/v2\/types\/post"}],"author":[{"embeddable":true,"href":"https:\/\/www.he-arc.ch\/en\/wp-json\/wp\/v2\/users\/6"}],"replies":[{"embeddable":true,"href":"https:\/\/www.he-arc.ch\/en\/wp-json\/wp\/v2\/comments?post=50234"}],"version-history":[{"count":9,"href":"https:\/\/www.he-arc.ch\/en\/wp-json\/wp\/v2\/posts\/50234\/revisions"}],"predecessor-version":[{"id":50272,"href":"https:\/\/www.he-arc.ch\/en\/wp-json\/wp\/v2\/posts\/50234\/revisions\/50272"}],"wp:featuredmedia":[{"embeddable":true,"href":"https:\/\/www.he-arc.ch\/en\/wp-json\/wp\/v2\/media\/50237"}],"wp:attachment":[{"href":"https:\/\/www.he-arc.ch\/en\/wp-json\/wp\/v2\/media?parent=50234"}],"wp:term":[{"taxonomy":"category","embeddable":true,"href":"https:\/\/www.he-arc.ch\/en\/wp-json\/wp\/v2\/categories?post=50234"},{"taxonomy":"post_tag","embeddable":true,"href":"https:\/\/www.he-arc.ch\/en\/wp-json\/wp\/v2\/tags?post=50234"},{"taxonomy":"he-arc_domain","embeddable":true,"href":"https:\/\/www.he-arc.ch\/en\/wp-json\/wp\/v2\/he-arc_domain?post=50234"}],"curies":[{"name":"wp","href":"https:\/\/api.w.org\/{rel}","templated":true}]}}