{"id":68268,"date":"2025-05-06T13:56:00","date_gmt":"2025-05-06T11:56:00","guid":{"rendered":"https:\/\/www.he-arc.ch\/?p=68268"},"modified":"2025-05-16T10:29:29","modified_gmt":"2025-05-16T08:29:29","slug":"133-nouveaux-diplomes-a-la-heg-arc","status":"publish","type":"post","link":"https:\/\/www.he-arc.ch\/en\/actualites\/133-nouveaux-diplomes-a-la-heg-arc\/","title":{"rendered":"133 nouveaux dipl\u00f4m\u00e9s \u00e0 la HEG Arc"},"content":{"rendered":"\n<p><strong>Les laur\u00e9ats en <a href=\"https:\/\/www.he-arc.ch\/gestion-en\/bachelor-en\/economie-dentreprise\/\" target=\"_blank\" rel=\"noreferrer noopener\">Economie d\u2019entreprise<\/a>, <a href=\"https:\/\/www.he-arc.ch\/gestion-en\/bachelor-en\/droit-economique\/\" target=\"_blank\" rel=\"noreferrer noopener\">Droit \u00e9conomique (Business Law)<\/a> et <a href=\"https:\/\/www.he-arc.ch\/gestion-en\/bachelor-en\/informatique-de-gestion\/\" target=\"_blank\" rel=\"noreferrer noopener\">Informatique de gestion<\/a> ont re\u00e7u leur dipl\u00f4me des mains de Martial Courtet, ministre de la R\u00e9publique et Canton du Jura et de Tristan Maillard, directeur g\u00e9n\u00e9ral de la HE-Arc.<\/strong><\/p>\n\n\n\n<p><a href=\"https:\/\/www.he-arc.ch\/wp-content\/uploads\/2025\/05\/GES-COM250506-CommPresse-Remise-des-Bachelors-2025_web-1.pdf\" target=\"_blank\" rel=\"noreferrer noopener\">Communiqu\u00e9 de presse<\/a><\/p>\n\n\n\n<div class=\"wp-block-columns is-layout-flex wp-container-core-columns-is-layout-9d6595d7 wp-block-columns-is-layout-flex\">\n<div class=\"wp-block-column is-layout-flow wp-block-column-is-layout-flow\" style=\"flex-basis:100%\">\n<div id='gallery-1' class='gallery galleryid-68268 gallery-columns-3 gallery-size-thumbnail'><figure class='gallery-item'>\n\t\t\t<div class='gallery-icon landscape'>\n\t\t\t\t<a href='https:\/\/www.he-arc.ch\/en\/remisediplomeheg2025-24-2\/'><img decoding=\"async\" width=\"150\" height=\"150\" src=\"https:\/\/www.he-arc.ch\/wp-content\/uploads\/2025\/05\/RemiseDiplomeHEG2025-24-150x150.jpg\" class=\"attachment-thumbnail size-thumbnail\" alt=\"\" aria-describedby=\"gallery-1-68332\" srcset=\"https:\/\/www.he-arc.ch\/wp-content\/uploads\/2025\/05\/RemiseDiplomeHEG2025-24-150x150.jpg 150w, https:\/\/www.he-arc.ch\/wp-content\/uploads\/2025\/05\/RemiseDiplomeHEG2025-24-300x300.jpg 300w, https:\/\/www.he-arc.ch\/wp-content\/uploads\/2025\/05\/RemiseDiplomeHEG2025-24-400x400.jpg 400w, https:\/\/www.he-arc.ch\/wp-content\/uploads\/2025\/05\/RemiseDiplomeHEG2025-24-600x600.jpg 600w\" sizes=\"(max-width: 150px) 100vw, 150px\" \/><\/a>\n\t\t\t<\/div>\n\t\t\t\t<figcaption class='wp-caption-text gallery-caption' id='gallery-1-68332'>\n\t\t\t\tLieu : Saignel\u00e9gier &#8211; Franches-Montagnes &#8211; Jura &#8211; Suisse \/ Droits d&#8217;utilisation uniquement pour HE-ARC \/ photo : patriceschreyer.com\n\t\t\t\t<\/figcaption><\/figure><figure class='gallery-item'>\n\t\t\t<div class='gallery-icon landscape'>\n\t\t\t\t<a href='https:\/\/www.he-arc.ch\/en\/remisediplomeheg2025-25-2\/'><img decoding=\"async\" width=\"150\" height=\"150\" src=\"https:\/\/www.he-arc.ch\/wp-content\/uploads\/2025\/05\/RemiseDiplomeHEG2025-25-150x150.jpg\" class=\"attachment-thumbnail size-thumbnail\" alt=\"\" aria-describedby=\"gallery-1-68334\" srcset=\"https:\/\/www.he-arc.ch\/wp-content\/uploads\/2025\/05\/RemiseDiplomeHEG2025-25-150x150.jpg 150w, https:\/\/www.he-arc.ch\/wp-content\/uploads\/2025\/05\/RemiseDiplomeHEG2025-25-300x300.jpg 300w, https:\/\/www.he-arc.ch\/wp-content\/uploads\/2025\/05\/RemiseDiplomeHEG2025-25-400x400.jpg 400w, https:\/\/www.he-arc.ch\/wp-content\/uploads\/2025\/05\/RemiseDiplomeHEG2025-25-600x600.jpg 600w\" sizes=\"(max-width: 150px) 100vw, 150px\" \/><\/a>\n\t\t\t<\/div>\n\t\t\t\t<figcaption class='wp-caption-text gallery-caption' id='gallery-1-68334'>\n\t\t\t\tLieu : Saignel\u00e9gier &#8211; Franches-Montagnes &#8211; Jura &#8211; Suisse \/ Droits d&#8217;utilisation uniquement pour HE-ARC \/ photo : patriceschreyer.com\n\t\t\t\t<\/figcaption><\/figure><figure class='gallery-item'>\n\t\t\t<div class='gallery-icon landscape'>\n\t\t\t\t<a href='https:\/\/www.he-arc.ch\/en\/remisediplomeheg2025-38-2\/'><img decoding=\"async\" width=\"150\" height=\"150\" src=\"https:\/\/www.he-arc.ch\/wp-content\/uploads\/2025\/05\/RemiseDiplomeHEG2025-38-150x150.jpg\" class=\"attachment-thumbnail size-thumbnail\" alt=\"\" aria-describedby=\"gallery-1-68360\" srcset=\"https:\/\/www.he-arc.ch\/wp-content\/uploads\/2025\/05\/RemiseDiplomeHEG2025-38-150x150.jpg 150w, https:\/\/www.he-arc.ch\/wp-content\/uploads\/2025\/05\/RemiseDiplomeHEG2025-38-300x300.jpg 300w, https:\/\/www.he-arc.ch\/wp-content\/uploads\/2025\/05\/RemiseDiplomeHEG2025-38-400x400.jpg 400w, https:\/\/www.he-arc.ch\/wp-content\/uploads\/2025\/05\/RemiseDiplomeHEG2025-38-600x600.jpg 600w\" sizes=\"(max-width: 150px) 100vw, 150px\" \/><\/a>\n\t\t\t<\/div>\n\t\t\t\t<figcaption class='wp-caption-text gallery-caption' id='gallery-1-68360'>\n\t\t\t\tLieu : Saignel\u00e9gier &#8211; Franches-Montagnes &#8211; Jura &#8211; Suisse \/ Droits d&#8217;utilisation uniquement pour HE-ARC \/ photo : patriceschreyer.com\n\t\t\t\t<\/figcaption><\/figure><figure class='gallery-item'>\n\t\t\t<div class='gallery-icon landscape'>\n\t\t\t\t<a href='https:\/\/www.he-arc.ch\/en\/remisediplomeheg2025-14-2\/'><img decoding=\"async\" width=\"150\" height=\"150\" src=\"https:\/\/www.he-arc.ch\/wp-content\/uploads\/2025\/05\/RemiseDiplomeHEG2025-14-150x150.jpg\" class=\"attachment-thumbnail size-thumbnail\" alt=\"\" aria-describedby=\"gallery-1-68386\" srcset=\"https:\/\/www.he-arc.ch\/wp-content\/uploads\/2025\/05\/RemiseDiplomeHEG2025-14-150x150.jpg 150w, https:\/\/www.he-arc.ch\/wp-content\/uploads\/2025\/05\/RemiseDiplomeHEG2025-14-300x300.jpg 300w, https:\/\/www.he-arc.ch\/wp-content\/uploads\/2025\/05\/RemiseDiplomeHEG2025-14-400x400.jpg 400w, https:\/\/www.he-arc.ch\/wp-content\/uploads\/2025\/05\/RemiseDiplomeHEG2025-14-600x600.jpg 600w\" sizes=\"(max-width: 150px) 100vw, 150px\" \/><\/a>\n\t\t\t<\/div>\n\t\t\t\t<figcaption class='wp-caption-text gallery-caption' id='gallery-1-68386'>\n\t\t\t\tLieu : Saignel\u00e9gier &#8211; Franches-Montagnes &#8211; Jura &#8211; Suisse \/ Droits d&#8217;utilisation uniquement pour HE-ARC \/ photo : patriceschreyer.com\n\t\t\t\t<\/figcaption><\/figure><figure class='gallery-item'>\n\t\t\t<div class='gallery-icon landscape'>\n\t\t\t\t<a href='https:\/\/www.he-arc.ch\/en\/remisediplomeheg2025-29-2\/'><img decoding=\"async\" width=\"150\" height=\"150\" src=\"https:\/\/www.he-arc.ch\/wp-content\/uploads\/2025\/05\/RemiseDiplomeHEG2025-29-150x150.jpg\" class=\"attachment-thumbnail size-thumbnail\" alt=\"\" aria-describedby=\"gallery-1-68342\" srcset=\"https:\/\/www.he-arc.ch\/wp-content\/uploads\/2025\/05\/RemiseDiplomeHEG2025-29-150x150.jpg 150w, https:\/\/www.he-arc.ch\/wp-content\/uploads\/2025\/05\/RemiseDiplomeHEG2025-29-300x300.jpg 300w, https:\/\/www.he-arc.ch\/wp-content\/uploads\/2025\/05\/RemiseDiplomeHEG2025-29-400x400.jpg 400w, https:\/\/www.he-arc.ch\/wp-content\/uploads\/2025\/05\/RemiseDiplomeHEG2025-29-600x600.jpg 600w\" sizes=\"(max-width: 150px) 100vw, 150px\" \/><\/a>\n\t\t\t<\/div>\n\t\t\t\t<figcaption class='wp-caption-text gallery-caption' id='gallery-1-68342'>\n\t\t\t\tLieu : Saignel\u00e9gier &#8211; Franches-Montagnes &#8211; Jura &#8211; Suisse \/ Droits d&#8217;utilisation uniquement pour HE-ARC \/ photo : patriceschreyer.com\n\t\t\t\t<\/figcaption><\/figure><figure class='gallery-item'>\n\t\t\t<div class='gallery-icon landscape'>\n\t\t\t\t<a href='https:\/\/www.he-arc.ch\/en\/remisediplomeheg2025-26-2\/'><img decoding=\"async\" width=\"150\" height=\"150\" src=\"https:\/\/www.he-arc.ch\/wp-content\/uploads\/2025\/05\/RemiseDiplomeHEG2025-26-150x150.jpg\" class=\"attachment-thumbnail size-thumbnail\" alt=\"\" aria-describedby=\"gallery-1-68336\" srcset=\"https:\/\/www.he-arc.ch\/wp-content\/uploads\/2025\/05\/RemiseDiplomeHEG2025-26-150x150.jpg 150w, https:\/\/www.he-arc.ch\/wp-content\/uploads\/2025\/05\/RemiseDiplomeHEG2025-26-300x300.jpg 300w, https:\/\/www.he-arc.ch\/wp-content\/uploads\/2025\/05\/RemiseDiplomeHEG2025-26-400x400.jpg 400w, https:\/\/www.he-arc.ch\/wp-content\/uploads\/2025\/05\/RemiseDiplomeHEG2025-26-600x600.jpg 600w\" sizes=\"(max-width: 150px) 100vw, 150px\" \/><\/a>\n\t\t\t<\/div>\n\t\t\t\t<figcaption class='wp-caption-text gallery-caption' id='gallery-1-68336'>\n\t\t\t\tLieu : Saignel\u00e9gier &#8211; Franches-Montagnes &#8211; Jura &#8211; Suisse \/ Droits d&#8217;utilisation uniquement pour HE-ARC \/ photo : patriceschreyer.com\n\t\t\t\t<\/figcaption><\/figure><figure class='gallery-item'>\n\t\t\t<div class='gallery-icon landscape'>\n\t\t\t\t<a href='https:\/\/www.he-arc.ch\/en\/remisediplomeheg2025-27-2\/'><img decoding=\"async\" width=\"150\" height=\"150\" src=\"https:\/\/www.he-arc.ch\/wp-content\/uploads\/2025\/05\/RemiseDiplomeHEG2025-27-150x150.jpg\" class=\"attachment-thumbnail size-thumbnail\" alt=\"\" aria-describedby=\"gallery-1-68338\" srcset=\"https:\/\/www.he-arc.ch\/wp-content\/uploads\/2025\/05\/RemiseDiplomeHEG2025-27-150x150.jpg 150w, https:\/\/www.he-arc.ch\/wp-content\/uploads\/2025\/05\/RemiseDiplomeHEG2025-27-300x300.jpg 300w, https:\/\/www.he-arc.ch\/wp-content\/uploads\/2025\/05\/RemiseDiplomeHEG2025-27-400x400.jpg 400w, https:\/\/www.he-arc.ch\/wp-content\/uploads\/2025\/05\/RemiseDiplomeHEG2025-27-600x600.jpg 600w\" sizes=\"(max-width: 150px) 100vw, 150px\" \/><\/a>\n\t\t\t<\/div>\n\t\t\t\t<figcaption class='wp-caption-text gallery-caption' id='gallery-1-68338'>\n\t\t\t\tLieu : Saignel\u00e9gier &#8211; Franches-Montagnes &#8211; Jura &#8211; Suisse \/ Droits d&#8217;utilisation uniquement pour HE-ARC \/ photo : patriceschreyer.com\n\t\t\t\t<\/figcaption><\/figure><figure class='gallery-item'>\n\t\t\t<div class='gallery-icon landscape'>\n\t\t\t\t<a href='https:\/\/www.he-arc.ch\/en\/remisediplomeheg2025-36-2\/'><img decoding=\"async\" width=\"150\" height=\"150\" src=\"https:\/\/www.he-arc.ch\/wp-content\/uploads\/2025\/05\/RemiseDiplomeHEG2025-36-150x150.jpg\" class=\"attachment-thumbnail size-thumbnail\" alt=\"\" aria-describedby=\"gallery-1-68356\" srcset=\"https:\/\/www.he-arc.ch\/wp-content\/uploads\/2025\/05\/RemiseDiplomeHEG2025-36-150x150.jpg 150w, https:\/\/www.he-arc.ch\/wp-content\/uploads\/2025\/05\/RemiseDiplomeHEG2025-36-300x300.jpg 300w, https:\/\/www.he-arc.ch\/wp-content\/uploads\/2025\/05\/RemiseDiplomeHEG2025-36-400x400.jpg 400w, https:\/\/www.he-arc.ch\/wp-content\/uploads\/2025\/05\/RemiseDiplomeHEG2025-36-600x600.jpg 600w\" sizes=\"(max-width: 150px) 100vw, 150px\" \/><\/a>\n\t\t\t<\/div>\n\t\t\t\t<figcaption class='wp-caption-text gallery-caption' id='gallery-1-68356'>\n\t\t\t\tLieu : Saignel\u00e9gier &#8211; Franches-Montagnes &#8211; Jura &#8211; Suisse \/ Droits d&#8217;utilisation uniquement pour HE-ARC \/ photo : patriceschreyer.com\n\t\t\t\t<\/figcaption><\/figure><figure class='gallery-item'>\n\t\t\t<div class='gallery-icon landscape'>\n\t\t\t\t<a href='https:\/\/www.he-arc.ch\/en\/remisediplomeheg2025-28-2\/'><img decoding=\"async\" width=\"150\" height=\"150\" src=\"https:\/\/www.he-arc.ch\/wp-content\/uploads\/2025\/05\/RemiseDiplomeHEG2025-28-150x150.jpg\" class=\"attachment-thumbnail size-thumbnail\" alt=\"\" aria-describedby=\"gallery-1-68340\" srcset=\"https:\/\/www.he-arc.ch\/wp-content\/uploads\/2025\/05\/RemiseDiplomeHEG2025-28-150x150.jpg 150w, https:\/\/www.he-arc.ch\/wp-content\/uploads\/2025\/05\/RemiseDiplomeHEG2025-28-300x300.jpg 300w, https:\/\/www.he-arc.ch\/wp-content\/uploads\/2025\/05\/RemiseDiplomeHEG2025-28-400x400.jpg 400w, https:\/\/www.he-arc.ch\/wp-content\/uploads\/2025\/05\/RemiseDiplomeHEG2025-28-600x600.jpg 600w\" sizes=\"(max-width: 150px) 100vw, 150px\" \/><\/a>\n\t\t\t<\/div>\n\t\t\t\t<figcaption class='wp-caption-text gallery-caption' id='gallery-1-68340'>\n\t\t\t\tLieu : Saignel\u00e9gier &#8211; Franches-Montagnes &#8211; Jura &#8211; Suisse \/ Droits d&#8217;utilisation uniquement pour HE-ARC \/ photo : patriceschreyer.com\n\t\t\t\t<\/figcaption><\/figure><figure class='gallery-item'>\n\t\t\t<div class='gallery-icon landscape'>\n\t\t\t\t<a href='https:\/\/www.he-arc.ch\/en\/remisediplomeheg2025-35-2\/'><img decoding=\"async\" width=\"150\" height=\"150\" src=\"https:\/\/www.he-arc.ch\/wp-content\/uploads\/2025\/05\/RemiseDiplomeHEG2025-35-150x150.jpg\" class=\"attachment-thumbnail size-thumbnail\" alt=\"\" aria-describedby=\"gallery-1-68354\" srcset=\"https:\/\/www.he-arc.ch\/wp-content\/uploads\/2025\/05\/RemiseDiplomeHEG2025-35-150x150.jpg 150w, https:\/\/www.he-arc.ch\/wp-content\/uploads\/2025\/05\/RemiseDiplomeHEG2025-35-300x300.jpg 300w, https:\/\/www.he-arc.ch\/wp-content\/uploads\/2025\/05\/RemiseDiplomeHEG2025-35-400x400.jpg 400w, https:\/\/www.he-arc.ch\/wp-content\/uploads\/2025\/05\/RemiseDiplomeHEG2025-35-600x600.jpg 600w\" sizes=\"(max-width: 150px) 100vw, 150px\" \/><\/a>\n\t\t\t<\/div>\n\t\t\t\t<figcaption class='wp-caption-text gallery-caption' id='gallery-1-68354'>\n\t\t\t\tLieu : Saignel\u00e9gier &#8211; Franches-Montagnes &#8211; Jura &#8211; Suisse \/ Droits d&#8217;utilisation uniquement pour HE-ARC \/ photo : patriceschreyer.com\n\t\t\t\t<\/figcaption><\/figure><figure class='gallery-item'>\n\t\t\t<div class='gallery-icon landscape'>\n\t\t\t\t<a href='https:\/\/www.he-arc.ch\/en\/remisediplomeheg2025-34-2\/'><img decoding=\"async\" width=\"150\" height=\"150\" src=\"https:\/\/www.he-arc.ch\/wp-content\/uploads\/2025\/05\/RemiseDiplomeHEG2025-34-150x150.jpg\" class=\"attachment-thumbnail size-thumbnail\" alt=\"\" aria-describedby=\"gallery-1-68352\" srcset=\"https:\/\/www.he-arc.ch\/wp-content\/uploads\/2025\/05\/RemiseDiplomeHEG2025-34-150x150.jpg 150w, https:\/\/www.he-arc.ch\/wp-content\/uploads\/2025\/05\/RemiseDiplomeHEG2025-34-300x300.jpg 300w, https:\/\/www.he-arc.ch\/wp-content\/uploads\/2025\/05\/RemiseDiplomeHEG2025-34-400x400.jpg 400w, https:\/\/www.he-arc.ch\/wp-content\/uploads\/2025\/05\/RemiseDiplomeHEG2025-34-600x600.jpg 600w\" sizes=\"(max-width: 150px) 100vw, 150px\" \/><\/a>\n\t\t\t<\/div>\n\t\t\t\t<figcaption class='wp-caption-text gallery-caption' id='gallery-1-68352'>\n\t\t\t\tLieu : Saignel\u00e9gier &#8211; Franches-Montagnes &#8211; Jura &#8211; Suisse \/ Droits d&#8217;utilisation uniquement pour HE-ARC \/ photo : patriceschreyer.com\n\t\t\t\t<\/figcaption><\/figure><figure class='gallery-item'>\n\t\t\t<div class='gallery-icon landscape'>\n\t\t\t\t<a href='https:\/\/www.he-arc.ch\/en\/remisediplomeheg2025-33-2\/'><img decoding=\"async\" width=\"150\" height=\"150\" src=\"https:\/\/www.he-arc.ch\/wp-content\/uploads\/2025\/05\/RemiseDiplomeHEG2025-33-150x150.jpg\" class=\"attachment-thumbnail size-thumbnail\" alt=\"\" aria-describedby=\"gallery-1-68350\" srcset=\"https:\/\/www.he-arc.ch\/wp-content\/uploads\/2025\/05\/RemiseDiplomeHEG2025-33-150x150.jpg 150w, https:\/\/www.he-arc.ch\/wp-content\/uploads\/2025\/05\/RemiseDiplomeHEG2025-33-300x300.jpg 300w, https:\/\/www.he-arc.ch\/wp-content\/uploads\/2025\/05\/RemiseDiplomeHEG2025-33-400x400.jpg 400w, https:\/\/www.he-arc.ch\/wp-content\/uploads\/2025\/05\/RemiseDiplomeHEG2025-33-600x600.jpg 600w\" sizes=\"(max-width: 150px) 100vw, 150px\" \/><\/a>\n\t\t\t<\/div>\n\t\t\t\t<figcaption class='wp-caption-text gallery-caption' id='gallery-1-68350'>\n\t\t\t\tLieu : Saignel\u00e9gier &#8211; Franches-Montagnes &#8211; Jura &#8211; Suisse \/ Droits d&#8217;utilisation uniquement pour HE-ARC \/ photo : patriceschreyer.com\n\t\t\t\t<\/figcaption><\/figure><figure class='gallery-item'>\n\t\t\t<div class='gallery-icon landscape'>\n\t\t\t\t<a href='https:\/\/www.he-arc.ch\/en\/remisediplomeheg2025-32-2\/'><img decoding=\"async\" width=\"150\" height=\"150\" src=\"https:\/\/www.he-arc.ch\/wp-content\/uploads\/2025\/05\/RemiseDiplomeHEG2025-32-150x150.jpg\" class=\"attachment-thumbnail size-thumbnail\" alt=\"\" aria-describedby=\"gallery-1-68348\" srcset=\"https:\/\/www.he-arc.ch\/wp-content\/uploads\/2025\/05\/RemiseDiplomeHEG2025-32-150x150.jpg 150w, https:\/\/www.he-arc.ch\/wp-content\/uploads\/2025\/05\/RemiseDiplomeHEG2025-32-300x300.jpg 300w, https:\/\/www.he-arc.ch\/wp-content\/uploads\/2025\/05\/RemiseDiplomeHEG2025-32-400x400.jpg 400w, https:\/\/www.he-arc.ch\/wp-content\/uploads\/2025\/05\/RemiseDiplomeHEG2025-32-600x600.jpg 600w\" sizes=\"(max-width: 150px) 100vw, 150px\" \/><\/a>\n\t\t\t<\/div>\n\t\t\t\t<figcaption class='wp-caption-text gallery-caption' id='gallery-1-68348'>\n\t\t\t\tLieu : Saignel\u00e9gier &#8211; Franches-Montagnes &#8211; Jura &#8211; Suisse \/ Droits d&#8217;utilisation uniquement pour HE-ARC \/ photo : patriceschreyer.com\n\t\t\t\t<\/figcaption><\/figure><figure class='gallery-item'>\n\t\t\t<div class='gallery-icon landscape'>\n\t\t\t\t<a href='https:\/\/www.he-arc.ch\/en\/remisediplomeheg2025-31-2\/'><img decoding=\"async\" width=\"150\" height=\"150\" src=\"https:\/\/www.he-arc.ch\/wp-content\/uploads\/2025\/05\/RemiseDiplomeHEG2025-31-150x150.jpg\" class=\"attachment-thumbnail size-thumbnail\" alt=\"\" aria-describedby=\"gallery-1-68346\" srcset=\"https:\/\/www.he-arc.ch\/wp-content\/uploads\/2025\/05\/RemiseDiplomeHEG2025-31-150x150.jpg 150w, https:\/\/www.he-arc.ch\/wp-content\/uploads\/2025\/05\/RemiseDiplomeHEG2025-31-300x300.jpg 300w, https:\/\/www.he-arc.ch\/wp-content\/uploads\/2025\/05\/RemiseDiplomeHEG2025-31-400x400.jpg 400w, https:\/\/www.he-arc.ch\/wp-content\/uploads\/2025\/05\/RemiseDiplomeHEG2025-31-600x600.jpg 600w\" sizes=\"(max-width: 150px) 100vw, 150px\" \/><\/a>\n\t\t\t<\/div>\n\t\t\t\t<figcaption class='wp-caption-text gallery-caption' id='gallery-1-68346'>\n\t\t\t\tLieu : Saignel\u00e9gier &#8211; Franches-Montagnes &#8211; Jura &#8211; Suisse \/ Droits d&#8217;utilisation uniquement pour HE-ARC \/ photo : patriceschreyer.com\n\t\t\t\t<\/figcaption><\/figure><figure class='gallery-item'>\n\t\t\t<div class='gallery-icon landscape'>\n\t\t\t\t<a href='https:\/\/www.he-arc.ch\/en\/remisediplomeheg2025-30-2\/'><img decoding=\"async\" width=\"150\" height=\"150\" src=\"https:\/\/www.he-arc.ch\/wp-content\/uploads\/2025\/05\/RemiseDiplomeHEG2025-30-150x150.jpg\" class=\"attachment-thumbnail size-thumbnail\" alt=\"\" aria-describedby=\"gallery-1-68344\" srcset=\"https:\/\/www.he-arc.ch\/wp-content\/uploads\/2025\/05\/RemiseDiplomeHEG2025-30-150x150.jpg 150w, https:\/\/www.he-arc.ch\/wp-content\/uploads\/2025\/05\/RemiseDiplomeHEG2025-30-300x300.jpg 300w, https:\/\/www.he-arc.ch\/wp-content\/uploads\/2025\/05\/RemiseDiplomeHEG2025-30-400x400.jpg 400w, https:\/\/www.he-arc.ch\/wp-content\/uploads\/2025\/05\/RemiseDiplomeHEG2025-30-600x600.jpg 600w\" sizes=\"(max-width: 150px) 100vw, 150px\" \/><\/a>\n\t\t\t<\/div>\n\t\t\t\t<figcaption class='wp-caption-text gallery-caption' id='gallery-1-68344'>\n\t\t\t\tLieu : Saignel\u00e9gier &#8211; Franches-Montagnes &#8211; Jura &#8211; Suisse \/ Droits d&#8217;utilisation uniquement pour HE-ARC \/ photo : patriceschreyer.com\n\t\t\t\t<\/figcaption><\/figure><figure class='gallery-item'>\n\t\t\t<div class='gallery-icon landscape'>\n\t\t\t\t<a href='https:\/\/www.he-arc.ch\/en\/remisediplomeheg2025-15-2\/'><img decoding=\"async\" width=\"150\" height=\"150\" src=\"https:\/\/www.he-arc.ch\/wp-content\/uploads\/2025\/05\/RemiseDiplomeHEG2025-15-150x150.jpg\" class=\"attachment-thumbnail size-thumbnail\" alt=\"\" aria-describedby=\"gallery-1-68388\" srcset=\"https:\/\/www.he-arc.ch\/wp-content\/uploads\/2025\/05\/RemiseDiplomeHEG2025-15-150x150.jpg 150w, https:\/\/www.he-arc.ch\/wp-content\/uploads\/2025\/05\/RemiseDiplomeHEG2025-15-300x300.jpg 300w, https:\/\/www.he-arc.ch\/wp-content\/uploads\/2025\/05\/RemiseDiplomeHEG2025-15-400x400.jpg 400w, https:\/\/www.he-arc.ch\/wp-content\/uploads\/2025\/05\/RemiseDiplomeHEG2025-15-600x600.jpg 600w\" sizes=\"(max-width: 150px) 100vw, 150px\" \/><\/a>\n\t\t\t<\/div>\n\t\t\t\t<figcaption class='wp-caption-text gallery-caption' id='gallery-1-68388'>\n\t\t\t\tLieu : Saignel\u00e9gier &#8211; Franches-Montagnes &#8211; Jura &#8211; Suisse \/ Droits d&#8217;utilisation uniquement pour HE-ARC \/ photo : patriceschreyer.com\n\t\t\t\t<\/figcaption><\/figure><figure class='gallery-item'>\n\t\t\t<div class='gallery-icon landscape'>\n\t\t\t\t<a href='https:\/\/www.he-arc.ch\/en\/remisediplomeheg2025-13-2\/'><img decoding=\"async\" width=\"150\" height=\"150\" src=\"https:\/\/www.he-arc.ch\/wp-content\/uploads\/2025\/05\/RemiseDiplomeHEG2025-13-150x150.jpg\" class=\"attachment-thumbnail size-thumbnail\" alt=\"\" aria-describedby=\"gallery-1-68384\" srcset=\"https:\/\/www.he-arc.ch\/wp-content\/uploads\/2025\/05\/RemiseDiplomeHEG2025-13-150x150.jpg 150w, https:\/\/www.he-arc.ch\/wp-content\/uploads\/2025\/05\/RemiseDiplomeHEG2025-13-300x300.jpg 300w, https:\/\/www.he-arc.ch\/wp-content\/uploads\/2025\/05\/RemiseDiplomeHEG2025-13-400x400.jpg 400w, https:\/\/www.he-arc.ch\/wp-content\/uploads\/2025\/05\/RemiseDiplomeHEG2025-13-600x600.jpg 600w\" sizes=\"(max-width: 150px) 100vw, 150px\" \/><\/a>\n\t\t\t<\/div>\n\t\t\t\t<figcaption class='wp-caption-text gallery-caption' id='gallery-1-68384'>\n\t\t\t\tLieu : Saignel\u00e9gier &#8211; Franches-Montagnes &#8211; Jura &#8211; Suisse \/ Droits d&#8217;utilisation uniquement pour HE-ARC \/ photo : patriceschreyer.com\n\t\t\t\t<\/figcaption><\/figure><figure class='gallery-item'>\n\t\t\t<div class='gallery-icon landscape'>\n\t\t\t\t<a href='https:\/\/www.he-arc.ch\/en\/remisediplomeheg2025-12-2\/'><img decoding=\"async\" width=\"150\" height=\"150\" src=\"https:\/\/www.he-arc.ch\/wp-content\/uploads\/2025\/05\/RemiseDiplomeHEG2025-12-150x150.jpg\" class=\"attachment-thumbnail size-thumbnail\" alt=\"\" aria-describedby=\"gallery-1-68382\" srcset=\"https:\/\/www.he-arc.ch\/wp-content\/uploads\/2025\/05\/RemiseDiplomeHEG2025-12-150x150.jpg 150w, https:\/\/www.he-arc.ch\/wp-content\/uploads\/2025\/05\/RemiseDiplomeHEG2025-12-300x300.jpg 300w, https:\/\/www.he-arc.ch\/wp-content\/uploads\/2025\/05\/RemiseDiplomeHEG2025-12-400x400.jpg 400w, https:\/\/www.he-arc.ch\/wp-content\/uploads\/2025\/05\/RemiseDiplomeHEG2025-12-600x600.jpg 600w\" sizes=\"(max-width: 150px) 100vw, 150px\" \/><\/a>\n\t\t\t<\/div>\n\t\t\t\t<figcaption class='wp-caption-text gallery-caption' id='gallery-1-68382'>\n\t\t\t\tLieu : Saignel\u00e9gier &#8211; Franches-Montagnes &#8211; Jura &#8211; Suisse \/ Droits d&#8217;utilisation uniquement pour HE-ARC \/ photo : patriceschreyer.com\n\t\t\t\t<\/figcaption><\/figure><figure class='gallery-item'>\n\t\t\t<div class='gallery-icon landscape'>\n\t\t\t\t<a href='https:\/\/www.he-arc.ch\/en\/remisediplomeheg2025-11-2\/'><img decoding=\"async\" width=\"150\" height=\"150\" src=\"https:\/\/www.he-arc.ch\/wp-content\/uploads\/2025\/05\/RemiseDiplomeHEG2025-11-150x150.jpg\" class=\"attachment-thumbnail size-thumbnail\" alt=\"\" aria-describedby=\"gallery-1-68380\" srcset=\"https:\/\/www.he-arc.ch\/wp-content\/uploads\/2025\/05\/RemiseDiplomeHEG2025-11-150x150.jpg 150w, https:\/\/www.he-arc.ch\/wp-content\/uploads\/2025\/05\/RemiseDiplomeHEG2025-11-300x300.jpg 300w, https:\/\/www.he-arc.ch\/wp-content\/uploads\/2025\/05\/RemiseDiplomeHEG2025-11-400x400.jpg 400w, https:\/\/www.he-arc.ch\/wp-content\/uploads\/2025\/05\/RemiseDiplomeHEG2025-11-600x600.jpg 600w\" sizes=\"(max-width: 150px) 100vw, 150px\" \/><\/a>\n\t\t\t<\/div>\n\t\t\t\t<figcaption class='wp-caption-text gallery-caption' id='gallery-1-68380'>\n\t\t\t\tLieu : Saignel\u00e9gier &#8211; Franches-Montagnes &#8211; Jura &#8211; Suisse \/ Droits d&#8217;utilisation uniquement pour HE-ARC \/ photo : patriceschreyer.com\n\t\t\t\t<\/figcaption><\/figure><figure class='gallery-item'>\n\t\t\t<div class='gallery-icon landscape'>\n\t\t\t\t<a href='https:\/\/www.he-arc.ch\/en\/remisediplomeheg2025-10-2\/'><img decoding=\"async\" width=\"150\" height=\"150\" src=\"https:\/\/www.he-arc.ch\/wp-content\/uploads\/2025\/05\/RemiseDiplomeHEG2025-10-150x150.jpg\" class=\"attachment-thumbnail size-thumbnail\" alt=\"\" aria-describedby=\"gallery-1-68378\" srcset=\"https:\/\/www.he-arc.ch\/wp-content\/uploads\/2025\/05\/RemiseDiplomeHEG2025-10-150x150.jpg 150w, https:\/\/www.he-arc.ch\/wp-content\/uploads\/2025\/05\/RemiseDiplomeHEG2025-10-300x300.jpg 300w, https:\/\/www.he-arc.ch\/wp-content\/uploads\/2025\/05\/RemiseDiplomeHEG2025-10-400x400.jpg 400w, https:\/\/www.he-arc.ch\/wp-content\/uploads\/2025\/05\/RemiseDiplomeHEG2025-10-600x600.jpg 600w\" sizes=\"(max-width: 150px) 100vw, 150px\" \/><\/a>\n\t\t\t<\/div>\n\t\t\t\t<figcaption class='wp-caption-text gallery-caption' id='gallery-1-68378'>\n\t\t\t\tLieu : Saignel\u00e9gier &#8211; Franches-Montagnes &#8211; Jura &#8211; Suisse \/ Droits d&#8217;utilisation uniquement pour HE-ARC \/ photo : patriceschreyer.com\n\t\t\t\t<\/figcaption><\/figure><figure class='gallery-item'>\n\t\t\t<div class='gallery-icon landscape'>\n\t\t\t\t<a href='https:\/\/www.he-arc.ch\/en\/remisediplomeheg2025-9-2\/'><img decoding=\"async\" width=\"150\" height=\"150\" src=\"https:\/\/www.he-arc.ch\/wp-content\/uploads\/2025\/05\/RemiseDiplomeHEG2025-9-150x150.jpg\" class=\"attachment-thumbnail size-thumbnail\" alt=\"\" aria-describedby=\"gallery-1-68376\" srcset=\"https:\/\/www.he-arc.ch\/wp-content\/uploads\/2025\/05\/RemiseDiplomeHEG2025-9-150x150.jpg 150w, https:\/\/www.he-arc.ch\/wp-content\/uploads\/2025\/05\/RemiseDiplomeHEG2025-9-300x300.jpg 300w, https:\/\/www.he-arc.ch\/wp-content\/uploads\/2025\/05\/RemiseDiplomeHEG2025-9-400x400.jpg 400w, https:\/\/www.he-arc.ch\/wp-content\/uploads\/2025\/05\/RemiseDiplomeHEG2025-9-600x600.jpg 600w\" sizes=\"(max-width: 150px) 100vw, 150px\" \/><\/a>\n\t\t\t<\/div>\n\t\t\t\t<figcaption class='wp-caption-text gallery-caption' id='gallery-1-68376'>\n\t\t\t\tLieu : Saignel\u00e9gier &#8211; Franches-Montagnes &#8211; Jura &#8211; Suisse \/ Droits d&#8217;utilisation uniquement pour HE-ARC \/ photo : patriceschreyer.com\n\t\t\t\t<\/figcaption><\/figure><figure class='gallery-item'>\n\t\t\t<div class='gallery-icon landscape'>\n\t\t\t\t<a href='https:\/\/www.he-arc.ch\/en\/remisediplomeheg2025-8-2\/'><img decoding=\"async\" width=\"150\" height=\"150\" src=\"https:\/\/www.he-arc.ch\/wp-content\/uploads\/2025\/05\/RemiseDiplomeHEG2025-8-150x150.jpg\" class=\"attachment-thumbnail size-thumbnail\" alt=\"\" aria-describedby=\"gallery-1-68374\" srcset=\"https:\/\/www.he-arc.ch\/wp-content\/uploads\/2025\/05\/RemiseDiplomeHEG2025-8-150x150.jpg 150w, https:\/\/www.he-arc.ch\/wp-content\/uploads\/2025\/05\/RemiseDiplomeHEG2025-8-300x300.jpg 300w, https:\/\/www.he-arc.ch\/wp-content\/uploads\/2025\/05\/RemiseDiplomeHEG2025-8-400x400.jpg 400w, https:\/\/www.he-arc.ch\/wp-content\/uploads\/2025\/05\/RemiseDiplomeHEG2025-8-600x600.jpg 600w\" sizes=\"(max-width: 150px) 100vw, 150px\" \/><\/a>\n\t\t\t<\/div>\n\t\t\t\t<figcaption class='wp-caption-text gallery-caption' id='gallery-1-68374'>\n\t\t\t\tLieu : Saignel\u00e9gier &#8211; Franches-Montagnes &#8211; Jura &#8211; Suisse \/ Droits d&#8217;utilisation uniquement pour HE-ARC \/ photo : patriceschreyer.com\n\t\t\t\t<\/figcaption><\/figure><figure class='gallery-item'>\n\t\t\t<div class='gallery-icon landscape'>\n\t\t\t\t<a href='https:\/\/www.he-arc.ch\/en\/remisediplomeheg2025-16-2\/'><img decoding=\"async\" width=\"150\" height=\"150\" src=\"https:\/\/www.he-arc.ch\/wp-content\/uploads\/2025\/05\/RemiseDiplomeHEG2025-16-150x150.jpg\" class=\"attachment-thumbnail size-thumbnail\" alt=\"\" aria-describedby=\"gallery-1-68390\" srcset=\"https:\/\/www.he-arc.ch\/wp-content\/uploads\/2025\/05\/RemiseDiplomeHEG2025-16-150x150.jpg 150w, https:\/\/www.he-arc.ch\/wp-content\/uploads\/2025\/05\/RemiseDiplomeHEG2025-16-300x300.jpg 300w, https:\/\/www.he-arc.ch\/wp-content\/uploads\/2025\/05\/RemiseDiplomeHEG2025-16-400x400.jpg 400w, https:\/\/www.he-arc.ch\/wp-content\/uploads\/2025\/05\/RemiseDiplomeHEG2025-16-600x600.jpg 600w\" sizes=\"(max-width: 150px) 100vw, 150px\" \/><\/a>\n\t\t\t<\/div>\n\t\t\t\t<figcaption class='wp-caption-text gallery-caption' id='gallery-1-68390'>\n\t\t\t\tLieu : Saignel\u00e9gier &#8211; Franches-Montagnes &#8211; Jura &#8211; Suisse \/ Droits d&#8217;utilisation uniquement pour HE-ARC \/ photo : patriceschreyer.com\n\t\t\t\t<\/figcaption><\/figure><figure class='gallery-item'>\n\t\t\t<div class='gallery-icon landscape'>\n\t\t\t\t<a href='https:\/\/www.he-arc.ch\/en\/remisediplomeheg2025-17-2\/'><img decoding=\"async\" width=\"150\" height=\"150\" src=\"https:\/\/www.he-arc.ch\/wp-content\/uploads\/2025\/05\/RemiseDiplomeHEG2025-17-150x150.jpg\" class=\"attachment-thumbnail size-thumbnail\" alt=\"\" aria-describedby=\"gallery-1-68392\" srcset=\"https:\/\/www.he-arc.ch\/wp-content\/uploads\/2025\/05\/RemiseDiplomeHEG2025-17-150x150.jpg 150w, https:\/\/www.he-arc.ch\/wp-content\/uploads\/2025\/05\/RemiseDiplomeHEG2025-17-300x300.jpg 300w, https:\/\/www.he-arc.ch\/wp-content\/uploads\/2025\/05\/RemiseDiplomeHEG2025-17-400x400.jpg 400w, https:\/\/www.he-arc.ch\/wp-content\/uploads\/2025\/05\/RemiseDiplomeHEG2025-17-600x600.jpg 600w\" sizes=\"(max-width: 150px) 100vw, 150px\" \/><\/a>\n\t\t\t<\/div>\n\t\t\t\t<figcaption class='wp-caption-text gallery-caption' id='gallery-1-68392'>\n\t\t\t\tLieu : Saignel\u00e9gier &#8211; Franches-Montagnes &#8211; Jura &#8211; Suisse \/ Droits d&#8217;utilisation uniquement pour HE-ARC \/ photo : patriceschreyer.com\n\t\t\t\t<\/figcaption><\/figure><figure class='gallery-item'>\n\t\t\t<div class='gallery-icon landscape'>\n\t\t\t\t<a href='https:\/\/www.he-arc.ch\/en\/remisediplomeheg2025-18-2\/'><img decoding=\"async\" width=\"150\" height=\"150\" src=\"https:\/\/www.he-arc.ch\/wp-content\/uploads\/2025\/05\/RemiseDiplomeHEG2025-18-150x150.jpg\" class=\"attachment-thumbnail size-thumbnail\" alt=\"\" aria-describedby=\"gallery-1-68394\" srcset=\"https:\/\/www.he-arc.ch\/wp-content\/uploads\/2025\/05\/RemiseDiplomeHEG2025-18-150x150.jpg 150w, https:\/\/www.he-arc.ch\/wp-content\/uploads\/2025\/05\/RemiseDiplomeHEG2025-18-300x300.jpg 300w, https:\/\/www.he-arc.ch\/wp-content\/uploads\/2025\/05\/RemiseDiplomeHEG2025-18-400x400.jpg 400w, https:\/\/www.he-arc.ch\/wp-content\/uploads\/2025\/05\/RemiseDiplomeHEG2025-18-600x600.jpg 600w\" sizes=\"(max-width: 150px) 100vw, 150px\" \/><\/a>\n\t\t\t<\/div>\n\t\t\t\t<figcaption class='wp-caption-text gallery-caption' id='gallery-1-68394'>\n\t\t\t\tLieu : Saignel\u00e9gier &#8211; Franches-Montagnes &#8211; Jura &#8211; Suisse \/ Droits d&#8217;utilisation uniquement pour HE-ARC \/ photo : patriceschreyer.com\n\t\t\t\t<\/figcaption><\/figure><figure class='gallery-item'>\n\t\t\t<div class='gallery-icon landscape'>\n\t\t\t\t<a href='https:\/\/www.he-arc.ch\/en\/remisediplomeheg2025-19-2\/'><img decoding=\"async\" width=\"150\" height=\"150\" src=\"https:\/\/www.he-arc.ch\/wp-content\/uploads\/2025\/05\/RemiseDiplomeHEG2025-19-150x150.jpg\" class=\"attachment-thumbnail size-thumbnail\" alt=\"\" aria-describedby=\"gallery-1-68396\" srcset=\"https:\/\/www.he-arc.ch\/wp-content\/uploads\/2025\/05\/RemiseDiplomeHEG2025-19-150x150.jpg 150w, https:\/\/www.he-arc.ch\/wp-content\/uploads\/2025\/05\/RemiseDiplomeHEG2025-19-300x300.jpg 300w, https:\/\/www.he-arc.ch\/wp-content\/uploads\/2025\/05\/RemiseDiplomeHEG2025-19-400x400.jpg 400w, https:\/\/www.he-arc.ch\/wp-content\/uploads\/2025\/05\/RemiseDiplomeHEG2025-19-600x600.jpg 600w\" sizes=\"(max-width: 150px) 100vw, 150px\" \/><\/a>\n\t\t\t<\/div>\n\t\t\t\t<figcaption class='wp-caption-text gallery-caption' id='gallery-1-68396'>\n\t\t\t\tLieu : Saignel\u00e9gier &#8211; Franches-Montagnes &#8211; Jura &#8211; Suisse \/ Droits d&#8217;utilisation uniquement pour HE-ARC \/ photo : patriceschreyer.com\n\t\t\t\t<\/figcaption><\/figure><figure class='gallery-item'>\n\t\t\t<div class='gallery-icon landscape'>\n\t\t\t\t<a href='https:\/\/www.he-arc.ch\/en\/remisediplomeheg2025-20-2\/'><img decoding=\"async\" width=\"150\" height=\"150\" src=\"https:\/\/www.he-arc.ch\/wp-content\/uploads\/2025\/05\/RemiseDiplomeHEG2025-20-150x150.jpg\" class=\"attachment-thumbnail size-thumbnail\" alt=\"\" aria-describedby=\"gallery-1-68398\" srcset=\"https:\/\/www.he-arc.ch\/wp-content\/uploads\/2025\/05\/RemiseDiplomeHEG2025-20-150x150.jpg 150w, https:\/\/www.he-arc.ch\/wp-content\/uploads\/2025\/05\/RemiseDiplomeHEG2025-20-300x300.jpg 300w, https:\/\/www.he-arc.ch\/wp-content\/uploads\/2025\/05\/RemiseDiplomeHEG2025-20-400x400.jpg 400w, https:\/\/www.he-arc.ch\/wp-content\/uploads\/2025\/05\/RemiseDiplomeHEG2025-20-600x600.jpg 600w\" sizes=\"(max-width: 150px) 100vw, 150px\" \/><\/a>\n\t\t\t<\/div>\n\t\t\t\t<figcaption class='wp-caption-text gallery-caption' id='gallery-1-68398'>\n\t\t\t\tLieu : Saignel\u00e9gier &#8211; Franches-Montagnes &#8211; Jura &#8211; Suisse \/ Droits d&#8217;utilisation uniquement pour HE-ARC \/ photo : patriceschreyer.com\n\t\t\t\t<\/figcaption><\/figure><figure class='gallery-item'>\n\t\t\t<div class='gallery-icon landscape'>\n\t\t\t\t<a href='https:\/\/www.he-arc.ch\/en\/remisediplomeheg2025-21-2\/'><img decoding=\"async\" width=\"150\" height=\"150\" src=\"https:\/\/www.he-arc.ch\/wp-content\/uploads\/2025\/05\/RemiseDiplomeHEG2025-21-150x150.jpg\" class=\"attachment-thumbnail size-thumbnail\" alt=\"\" aria-describedby=\"gallery-1-68400\" srcset=\"https:\/\/www.he-arc.ch\/wp-content\/uploads\/2025\/05\/RemiseDiplomeHEG2025-21-150x150.jpg 150w, https:\/\/www.he-arc.ch\/wp-content\/uploads\/2025\/05\/RemiseDiplomeHEG2025-21-300x300.jpg 300w, https:\/\/www.he-arc.ch\/wp-content\/uploads\/2025\/05\/RemiseDiplomeHEG2025-21-400x400.jpg 400w, https:\/\/www.he-arc.ch\/wp-content\/uploads\/2025\/05\/RemiseDiplomeHEG2025-21-600x600.jpg 600w\" sizes=\"(max-width: 150px) 100vw, 150px\" \/><\/a>\n\t\t\t<\/div>\n\t\t\t\t<figcaption class='wp-caption-text gallery-caption' id='gallery-1-68400'>\n\t\t\t\tLieu : Saignel\u00e9gier &#8211; Franches-Montagnes &#8211; Jura &#8211; Suisse \/ Droits d&#8217;utilisation uniquement pour HE-ARC \/ photo : patriceschreyer.com\n\t\t\t\t<\/figcaption><\/figure><figure class='gallery-item'>\n\t\t\t<div class='gallery-icon landscape'>\n\t\t\t\t<a href='https:\/\/www.he-arc.ch\/en\/remisediplomeheg2025-22-2\/'><img decoding=\"async\" width=\"150\" height=\"150\" src=\"https:\/\/www.he-arc.ch\/wp-content\/uploads\/2025\/05\/RemiseDiplomeHEG2025-22-150x150.jpg\" class=\"attachment-thumbnail size-thumbnail\" alt=\"\" aria-describedby=\"gallery-1-68402\" srcset=\"https:\/\/www.he-arc.ch\/wp-content\/uploads\/2025\/05\/RemiseDiplomeHEG2025-22-150x150.jpg 150w, https:\/\/www.he-arc.ch\/wp-content\/uploads\/2025\/05\/RemiseDiplomeHEG2025-22-300x300.jpg 300w, https:\/\/www.he-arc.ch\/wp-content\/uploads\/2025\/05\/RemiseDiplomeHEG2025-22-400x400.jpg 400w, https:\/\/www.he-arc.ch\/wp-content\/uploads\/2025\/05\/RemiseDiplomeHEG2025-22-600x600.jpg 600w\" sizes=\"(max-width: 150px) 100vw, 150px\" \/><\/a>\n\t\t\t<\/div>\n\t\t\t\t<figcaption class='wp-caption-text gallery-caption' id='gallery-1-68402'>\n\t\t\t\tLieu : Saignel\u00e9gier &#8211; Franches-Montagnes &#8211; Jura &#8211; Suisse \/ Droits d&#8217;utilisation uniquement pour HE-ARC \/ photo : patriceschreyer.com\n\t\t\t\t<\/figcaption><\/figure><figure class='gallery-item'>\n\t\t\t<div class='gallery-icon landscape'>\n\t\t\t\t<a href='https:\/\/www.he-arc.ch\/en\/remisediplomeheg2025-23-2\/'><img decoding=\"async\" width=\"150\" height=\"150\" src=\"https:\/\/www.he-arc.ch\/wp-content\/uploads\/2025\/05\/RemiseDiplomeHEG2025-23-150x150.jpg\" class=\"attachment-thumbnail size-thumbnail\" alt=\"\" aria-describedby=\"gallery-1-68404\" srcset=\"https:\/\/www.he-arc.ch\/wp-content\/uploads\/2025\/05\/RemiseDiplomeHEG2025-23-150x150.jpg 150w, https:\/\/www.he-arc.ch\/wp-content\/uploads\/2025\/05\/RemiseDiplomeHEG2025-23-300x300.jpg 300w, https:\/\/www.he-arc.ch\/wp-content\/uploads\/2025\/05\/RemiseDiplomeHEG2025-23-400x400.jpg 400w, https:\/\/www.he-arc.ch\/wp-content\/uploads\/2025\/05\/RemiseDiplomeHEG2025-23-600x600.jpg 600w\" sizes=\"(max-width: 150px) 100vw, 150px\" \/><\/a>\n\t\t\t<\/div>\n\t\t\t\t<figcaption class='wp-caption-text gallery-caption' id='gallery-1-68404'>\n\t\t\t\tLieu : Saignel\u00e9gier &#8211; Franches-Montagnes &#8211; Jura &#8211; Suisse \/ Droits d&#8217;utilisation uniquement pour HE-ARC \/ photo : patriceschreyer.com\n\t\t\t\t<\/figcaption><\/figure><figure class='gallery-item'>\n\t\t\t<div class='gallery-icon landscape'>\n\t\t\t\t<a href='https:\/\/www.he-arc.ch\/en\/remisediplomeheg2025-5-2\/'><img decoding=\"async\" width=\"150\" height=\"150\" src=\"https:\/\/www.he-arc.ch\/wp-content\/uploads\/2025\/05\/RemiseDiplomeHEG2025-5-150x150.jpg\" class=\"attachment-thumbnail size-thumbnail\" alt=\"\" aria-describedby=\"gallery-1-68368\" srcset=\"https:\/\/www.he-arc.ch\/wp-content\/uploads\/2025\/05\/RemiseDiplomeHEG2025-5-150x150.jpg 150w, https:\/\/www.he-arc.ch\/wp-content\/uploads\/2025\/05\/RemiseDiplomeHEG2025-5-300x300.jpg 300w, https:\/\/www.he-arc.ch\/wp-content\/uploads\/2025\/05\/RemiseDiplomeHEG2025-5-400x400.jpg 400w, https:\/\/www.he-arc.ch\/wp-content\/uploads\/2025\/05\/RemiseDiplomeHEG2025-5-600x600.jpg 600w\" sizes=\"(max-width: 150px) 100vw, 150px\" \/><\/a>\n\t\t\t<\/div>\n\t\t\t\t<figcaption class='wp-caption-text gallery-caption' id='gallery-1-68368'>\n\t\t\t\tLieu : Saignel\u00e9gier &#8211; Franches-Montagnes &#8211; Jura &#8211; Suisse \/ Droits d&#8217;utilisation uniquement pour HE-ARC \/ photo : patriceschreyer.com\n\t\t\t\t<\/figcaption><\/figure><figure class='gallery-item'>\n\t\t\t<div class='gallery-icon landscape'>\n\t\t\t\t<a href='https:\/\/www.he-arc.ch\/en\/remisediplomeheg2025-4-2\/'><img decoding=\"async\" width=\"150\" height=\"150\" src=\"https:\/\/www.he-arc.ch\/wp-content\/uploads\/2025\/05\/RemiseDiplomeHEG2025-4-1-150x150.jpg\" class=\"attachment-thumbnail size-thumbnail\" alt=\"\" aria-describedby=\"gallery-1-68366\" srcset=\"https:\/\/www.he-arc.ch\/wp-content\/uploads\/2025\/05\/RemiseDiplomeHEG2025-4-1-150x150.jpg 150w, https:\/\/www.he-arc.ch\/wp-content\/uploads\/2025\/05\/RemiseDiplomeHEG2025-4-1-300x300.jpg 300w, https:\/\/www.he-arc.ch\/wp-content\/uploads\/2025\/05\/RemiseDiplomeHEG2025-4-1-400x400.jpg 400w, https:\/\/www.he-arc.ch\/wp-content\/uploads\/2025\/05\/RemiseDiplomeHEG2025-4-1-600x600.jpg 600w\" sizes=\"(max-width: 150px) 100vw, 150px\" \/><\/a>\n\t\t\t<\/div>\n\t\t\t\t<figcaption class='wp-caption-text gallery-caption' id='gallery-1-68366'>\n\t\t\t\tLieu : Saignel\u00e9gier &#8211; Franches-Montagnes &#8211; Jura &#8211; Suisse \/ Droits d&#8217;utilisation uniquement pour HE-ARC \/ photo : patriceschreyer.com\n\t\t\t\t<\/figcaption><\/figure><figure class='gallery-item'>\n\t\t\t<div class='gallery-icon landscape'>\n\t\t\t\t<a href='https:\/\/www.he-arc.ch\/en\/remisediplomeheg2025-1-2\/'><img decoding=\"async\" width=\"150\" height=\"150\" src=\"https:\/\/www.he-arc.ch\/wp-content\/uploads\/2025\/05\/RemiseDiplomeHEG2025-1-150x150.jpg\" class=\"attachment-thumbnail size-thumbnail\" alt=\"\" srcset=\"https:\/\/www.he-arc.ch\/wp-content\/uploads\/2025\/05\/RemiseDiplomeHEG2025-1-150x150.jpg 150w, https:\/\/www.he-arc.ch\/wp-content\/uploads\/2025\/05\/RemiseDiplomeHEG2025-1-300x300.jpg 300w, https:\/\/www.he-arc.ch\/wp-content\/uploads\/2025\/05\/RemiseDiplomeHEG2025-1-400x400.jpg 400w, https:\/\/www.he-arc.ch\/wp-content\/uploads\/2025\/05\/RemiseDiplomeHEG2025-1-600x600.jpg 600w\" sizes=\"(max-width: 150px) 100vw, 150px\" \/><\/a>\n\t\t\t<\/div><\/figure><figure class='gallery-item'>\n\t\t\t<div class='gallery-icon landscape'>\n\t\t\t\t<a href='https:\/\/www.he-arc.ch\/en\/remisediplomeheg2025-2-2\/'><img decoding=\"async\" width=\"150\" height=\"150\" src=\"https:\/\/www.he-arc.ch\/wp-content\/uploads\/2025\/05\/RemiseDiplomeHEG2025-2-1-150x150.jpg\" class=\"attachment-thumbnail size-thumbnail\" alt=\"\" aria-describedby=\"gallery-1-68364\" srcset=\"https:\/\/www.he-arc.ch\/wp-content\/uploads\/2025\/05\/RemiseDiplomeHEG2025-2-1-150x150.jpg 150w, https:\/\/www.he-arc.ch\/wp-content\/uploads\/2025\/05\/RemiseDiplomeHEG2025-2-1-300x300.jpg 300w, https:\/\/www.he-arc.ch\/wp-content\/uploads\/2025\/05\/RemiseDiplomeHEG2025-2-1-400x400.jpg 400w, https:\/\/www.he-arc.ch\/wp-content\/uploads\/2025\/05\/RemiseDiplomeHEG2025-2-1-600x600.jpg 600w\" sizes=\"(max-width: 150px) 100vw, 150px\" \/><\/a>\n\t\t\t<\/div>\n\t\t\t\t<figcaption class='wp-caption-text gallery-caption' id='gallery-1-68364'>\n\t\t\t\tLieu : Saignel\u00e9gier &#8211; Franches-Montagnes &#8211; Jura &#8211; Suisse \/ Droits d&#8217;utilisation uniquement pour HE-ARC \/ photo : patriceschreyer.com\n\t\t\t\t<\/figcaption><\/figure><figure class='gallery-item'>\n\t\t\t<div class='gallery-icon landscape'>\n\t\t\t\t<a href='https:\/\/www.he-arc.ch\/en\/remisediplomeheg2025-6-2\/'><img decoding=\"async\" width=\"150\" height=\"150\" src=\"https:\/\/www.he-arc.ch\/wp-content\/uploads\/2025\/05\/RemiseDiplomeHEG2025-6-1-150x150.jpg\" class=\"attachment-thumbnail size-thumbnail\" alt=\"\" aria-describedby=\"gallery-1-68370\" srcset=\"https:\/\/www.he-arc.ch\/wp-content\/uploads\/2025\/05\/RemiseDiplomeHEG2025-6-1-150x150.jpg 150w, https:\/\/www.he-arc.ch\/wp-content\/uploads\/2025\/05\/RemiseDiplomeHEG2025-6-1-300x300.jpg 300w, https:\/\/www.he-arc.ch\/wp-content\/uploads\/2025\/05\/RemiseDiplomeHEG2025-6-1-400x400.jpg 400w, https:\/\/www.he-arc.ch\/wp-content\/uploads\/2025\/05\/RemiseDiplomeHEG2025-6-1-600x600.jpg 600w\" sizes=\"(max-width: 150px) 100vw, 150px\" \/><\/a>\n\t\t\t<\/div>\n\t\t\t\t<figcaption class='wp-caption-text gallery-caption' id='gallery-1-68370'>\n\t\t\t\tLieu : Saignel\u00e9gier &#8211; Franches-Montagnes &#8211; Jura &#8211; Suisse \/ Droits d&#8217;utilisation uniquement pour HE-ARC \/ photo : patriceschreyer.com\n\t\t\t\t<\/figcaption><\/figure><figure class='gallery-item'>\n\t\t\t<div class='gallery-icon landscape'>\n\t\t\t\t<a href='https:\/\/www.he-arc.ch\/en\/remisediplomeheg2025-7-2\/'><img decoding=\"async\" width=\"150\" height=\"150\" src=\"https:\/\/www.he-arc.ch\/wp-content\/uploads\/2025\/05\/RemiseDiplomeHEG2025-7-150x150.jpg\" class=\"attachment-thumbnail size-thumbnail\" alt=\"\" aria-describedby=\"gallery-1-68372\" srcset=\"https:\/\/www.he-arc.ch\/wp-content\/uploads\/2025\/05\/RemiseDiplomeHEG2025-7-150x150.jpg 150w, https:\/\/www.he-arc.ch\/wp-content\/uploads\/2025\/05\/RemiseDiplomeHEG2025-7-300x300.jpg 300w, https:\/\/www.he-arc.ch\/wp-content\/uploads\/2025\/05\/RemiseDiplomeHEG2025-7-400x400.jpg 400w, https:\/\/www.he-arc.ch\/wp-content\/uploads\/2025\/05\/RemiseDiplomeHEG2025-7-600x600.jpg 600w\" sizes=\"(max-width: 150px) 100vw, 150px\" \/><\/a>\n\t\t\t<\/div>\n\t\t\t\t<figcaption class='wp-caption-text gallery-caption' id='gallery-1-68372'>\n\t\t\t\tLieu : Saignel\u00e9gier &#8211; Franches-Montagnes &#8211; Jura &#8211; Suisse \/ Droits d&#8217;utilisation uniquement pour HE-ARC \/ photo : patriceschreyer.com\n\t\t\t\t<\/figcaption><\/figure>\n\t\t<\/div>\n\n<\/div>\n<\/div>\n\n\n\n<p>Cr\u00e9dit photo: Patrice Schreyer <\/p>\n","protected":false},"excerpt":{"rendered":"<p>Les laur\u00e9ats en Economie d\u2019entreprise, Droit \u00e9conomique (Business Law) et Informatique de gestion ont re\u00e7u leur dipl\u00f4me des mains de Martial Courtet, ministre de la R\u00e9publique et Canton du Jura et de Tristan Maillard, directeur g\u00e9n\u00e9ral de la HE-Arc. Communiqu\u00e9 de presse Cr\u00e9dit photo: Patrice Schreyer<\/p>\n","protected":false},"author":46,"featured_media":68341,"comment_status":"closed","ping_status":"open","sticky":false,"template":"","format":"standard","meta":{"_acf_changed":false,"footnotes":""},"categories":[206],"tags":[],"he-arc_domain":[2],"class_list":["post-68268","post","type-post","status-publish","format-standard","has-post-thumbnail","hentry","category-bachelors","he-arc_domain-gestion"],"acf":[],"yoast_head":"<!-- This site is optimized with the Yoast SEO plugin v26.6 - https:\/\/yoast.com\/wordpress\/plugins\/seo\/ -->\n<title>133 nouveaux dipl\u00f4m\u00e9s \u00e0 la HEG Arc - Haute-Ecole Arc<\/title>\n<meta name=\"robots\" content=\"index, follow, max-snippet:-1, max-image-preview:large, max-video-preview:-1\" \/>\n<link rel=\"canonical\" href=\"https:\/\/www.he-arc.ch\/en\/actualites\/133-nouveaux-diplomes-a-la-heg-arc\/\" \/>\n<meta property=\"og:locale\" content=\"en_US\" \/>\n<meta property=\"og:type\" content=\"article\" \/>\n<meta property=\"og:title\" content=\"133 nouveaux dipl\u00f4m\u00e9s \u00e0 la HEG Arc - Haute-Ecole Arc\" \/>\n<meta property=\"og:description\" content=\"Les laur\u00e9ats en Economie d\u2019entreprise, Droit \u00e9conomique (Business Law) et Informatique de gestion ont re\u00e7u leur dipl\u00f4me des mains de Martial Courtet, ministre de la R\u00e9publique et Canton du Jura et de Tristan Maillard, directeur g\u00e9n\u00e9ral de la HE-Arc. Communiqu\u00e9 de presse Cr\u00e9dit photo: Patrice Schreyer\" \/>\n<meta property=\"og:url\" content=\"https:\/\/www.he-arc.ch\/en\/actualites\/133-nouveaux-diplomes-a-la-heg-arc\/\" \/>\n<meta property=\"og:site_name\" content=\"Haute-Ecole Arc\" \/>\n<meta property=\"article:published_time\" content=\"2025-05-06T11:56:00+00:00\" \/>\n<meta property=\"article:modified_time\" content=\"2025-05-16T08:29:29+00:00\" \/>\n<meta property=\"og:image\" content=\"https:\/\/www.he-arc.ch\/wp-content\/uploads\/2025\/05\/RemiseDiplomeHEG2025-29.jpg\" \/>\n\t<meta property=\"og:image:width\" content=\"1688\" \/>\n\t<meta property=\"og:image:height\" content=\"1125\" \/>\n\t<meta property=\"og:image:type\" content=\"image\/jpeg\" \/>\n<meta name=\"author\" content=\"Laetitia Hostettler\" \/>\n<meta name=\"twitter:card\" content=\"summary_large_image\" \/>\n<meta name=\"twitter:label1\" content=\"Written by\" \/>\n\t<meta name=\"twitter:data1\" content=\"Laetitia Hostettler\" \/>\n\t<meta name=\"twitter:label2\" content=\"Est. reading time\" \/>\n\t<meta name=\"twitter:data2\" content=\"1 minute\" \/>\n<script type=\"application\/ld+json\" class=\"yoast-schema-graph\">{\"@context\":\"https:\/\/schema.org\",\"@graph\":[{\"@type\":\"Article\",\"@id\":\"https:\/\/www.he-arc.ch\/en\/actualites\/133-nouveaux-diplomes-a-la-heg-arc\/#article\",\"isPartOf\":{\"@id\":\"https:\/\/www.he-arc.ch\/en\/actualites\/133-nouveaux-diplomes-a-la-heg-arc\/\"},\"author\":{\"name\":\"Laetitia Hostettler\",\"@id\":\"https:\/\/www.he-arc.ch\/en\/#\/schema\/person\/403d503038b34bd95a7bf98c3289cf85\"},\"headline\":\"133 nouveaux dipl\u00f4m\u00e9s \u00e0 la HEG Arc\",\"datePublished\":\"2025-05-06T11:56:00+00:00\",\"dateModified\":\"2025-05-16T08:29:29+00:00\",\"mainEntityOfPage\":{\"@id\":\"https:\/\/www.he-arc.ch\/en\/actualites\/133-nouveaux-diplomes-a-la-heg-arc\/\"},\"wordCount\":63,\"publisher\":{\"@id\":\"https:\/\/www.he-arc.ch\/en\/#organization\"},\"image\":{\"@id\":\"https:\/\/www.he-arc.ch\/en\/actualites\/133-nouveaux-diplomes-a-la-heg-arc\/#primaryimage\"},\"thumbnailUrl\":\"https:\/\/www.he-arc.ch\/wp-content\/uploads\/2025\/05\/RemiseDiplomeHEG2025-29.jpg\",\"articleSection\":[\"Bachelors\"],\"inLanguage\":\"en-US\"},{\"@type\":\"WebPage\",\"@id\":\"https:\/\/www.he-arc.ch\/en\/actualites\/133-nouveaux-diplomes-a-la-heg-arc\/\",\"url\":\"https:\/\/www.he-arc.ch\/en\/actualites\/133-nouveaux-diplomes-a-la-heg-arc\/\",\"name\":\"133 nouveaux dipl\u00f4m\u00e9s \u00e0 la HEG Arc - Haute-Ecole Arc\",\"isPartOf\":{\"@id\":\"https:\/\/www.he-arc.ch\/en\/#website\"},\"primaryImageOfPage\":{\"@id\":\"https:\/\/www.he-arc.ch\/en\/actualites\/133-nouveaux-diplomes-a-la-heg-arc\/#primaryimage\"},\"image\":{\"@id\":\"https:\/\/www.he-arc.ch\/en\/actualites\/133-nouveaux-diplomes-a-la-heg-arc\/#primaryimage\"},\"thumbnailUrl\":\"https:\/\/www.he-arc.ch\/wp-content\/uploads\/2025\/05\/RemiseDiplomeHEG2025-29.jpg\",\"datePublished\":\"2025-05-06T11:56:00+00:00\",\"dateModified\":\"2025-05-16T08:29:29+00:00\",\"breadcrumb\":{\"@id\":\"https:\/\/www.he-arc.ch\/en\/actualites\/133-nouveaux-diplomes-a-la-heg-arc\/#breadcrumb\"},\"inLanguage\":\"en-US\",\"potentialAction\":[{\"@type\":\"ReadAction\",\"target\":[\"https:\/\/www.he-arc.ch\/en\/actualites\/133-nouveaux-diplomes-a-la-heg-arc\/\"]}]},{\"@type\":\"ImageObject\",\"inLanguage\":\"en-US\",\"@id\":\"https:\/\/www.he-arc.ch\/en\/actualites\/133-nouveaux-diplomes-a-la-heg-arc\/#primaryimage\",\"url\":\"https:\/\/www.he-arc.ch\/wp-content\/uploads\/2025\/05\/RemiseDiplomeHEG2025-29.jpg\",\"contentUrl\":\"https:\/\/www.he-arc.ch\/wp-content\/uploads\/2025\/05\/RemiseDiplomeHEG2025-29.jpg\",\"width\":1688,\"height\":1125,\"caption\":\"Lieu : Saignel\u00e9gier - Franches-Montagnes - Jura - Suisse \/ Droits d'utilisation uniquement pour HE-ARC \/ photo : patriceschreyer.com\"},{\"@type\":\"BreadcrumbList\",\"@id\":\"https:\/\/www.he-arc.ch\/en\/actualites\/133-nouveaux-diplomes-a-la-heg-arc\/#breadcrumb\",\"itemListElement\":[{\"@type\":\"ListItem\",\"position\":1,\"name\":\"Accueil\",\"item\":\"https:\/\/www.he-arc.ch\/en\/\"},{\"@type\":\"ListItem\",\"position\":2,\"name\":\"133 nouveaux dipl\u00f4m\u00e9s \u00e0 la HEG Arc\"}]},{\"@type\":\"WebSite\",\"@id\":\"https:\/\/www.he-arc.ch\/en\/#website\",\"url\":\"https:\/\/www.he-arc.ch\/en\/\",\"name\":\"Haute-Ecole Arc\",\"description\":\"Haute \u00e9cole sp\u00e9cialis\u00e9e Suisse. Gestion, Ing\u00e9nierie, Sant\u00e9, Conservation-\u200brestauration.\",\"publisher\":{\"@id\":\"https:\/\/www.he-arc.ch\/en\/#organization\"},\"potentialAction\":[{\"@type\":\"SearchAction\",\"target\":{\"@type\":\"EntryPoint\",\"urlTemplate\":\"https:\/\/www.he-arc.ch\/en\/?s={search_term_string}\"},\"query-input\":{\"@type\":\"PropertyValueSpecification\",\"valueRequired\":true,\"valueName\":\"search_term_string\"}}],\"inLanguage\":\"en-US\"},{\"@type\":\"Organization\",\"@id\":\"https:\/\/www.he-arc.ch\/en\/#organization\",\"name\":\"Haute Ecole Arc\",\"url\":\"https:\/\/www.he-arc.ch\/en\/\",\"logo\":{\"@type\":\"ImageObject\",\"inLanguage\":\"en-US\",\"@id\":\"https:\/\/www.he-arc.ch\/en\/#\/schema\/logo\/image\/\",\"url\":\"https:\/\/www.he-arc.ch\/wp-content\/uploads\/2022\/01\/logo-he-arc.svg\",\"contentUrl\":\"https:\/\/www.he-arc.ch\/wp-content\/uploads\/2022\/01\/logo-he-arc.svg\",\"width\":140,\"height\":42,\"caption\":\"Haute Ecole Arc\"},\"image\":{\"@id\":\"https:\/\/www.he-arc.ch\/en\/#\/schema\/logo\/image\/\"}},{\"@type\":\"Person\",\"@id\":\"https:\/\/www.he-arc.ch\/en\/#\/schema\/person\/403d503038b34bd95a7bf98c3289cf85\",\"name\":\"Laetitia Hostettler\",\"image\":{\"@type\":\"ImageObject\",\"inLanguage\":\"en-US\",\"@id\":\"https:\/\/www.he-arc.ch\/en\/#\/schema\/person\/image\/\",\"url\":\"https:\/\/secure.gravatar.com\/avatar\/4ebb04b9cd61641a7fd3016bd5e844bc9e7eb39d639e8179421c93928ada9fd6?s=96&d=mm&r=g\",\"contentUrl\":\"https:\/\/secure.gravatar.com\/avatar\/4ebb04b9cd61641a7fd3016bd5e844bc9e7eb39d639e8179421c93928ada9fd6?s=96&d=mm&r=g\",\"caption\":\"Laetitia Hostettler\"}}]}<\/script>\n<!-- \/ Yoast SEO plugin. -->","yoast_head_json":{"title":"133 nouveaux dipl\u00f4m\u00e9s \u00e0 la HEG Arc - Haute-Ecole Arc","robots":{"index":"index","follow":"follow","max-snippet":"max-snippet:-1","max-image-preview":"max-image-preview:large","max-video-preview":"max-video-preview:-1"},"canonical":"https:\/\/www.he-arc.ch\/en\/actualites\/133-nouveaux-diplomes-a-la-heg-arc\/","og_locale":"en_US","og_type":"article","og_title":"133 nouveaux dipl\u00f4m\u00e9s \u00e0 la HEG Arc - Haute-Ecole Arc","og_description":"Les laur\u00e9ats en Economie d\u2019entreprise, Droit \u00e9conomique (Business Law) et Informatique de gestion ont re\u00e7u leur dipl\u00f4me des mains de Martial Courtet, ministre de la R\u00e9publique et Canton du Jura et de Tristan Maillard, directeur g\u00e9n\u00e9ral de la HE-Arc. Communiqu\u00e9 de presse Cr\u00e9dit photo: Patrice Schreyer","og_url":"https:\/\/www.he-arc.ch\/en\/actualites\/133-nouveaux-diplomes-a-la-heg-arc\/","og_site_name":"Haute-Ecole Arc","article_published_time":"2025-05-06T11:56:00+00:00","article_modified_time":"2025-05-16T08:29:29+00:00","og_image":[{"width":1688,"height":1125,"url":"https:\/\/www.he-arc.ch\/wp-content\/uploads\/2025\/05\/RemiseDiplomeHEG2025-29.jpg","type":"image\/jpeg"}],"author":"Laetitia Hostettler","twitter_card":"summary_large_image","twitter_misc":{"Written by":"Laetitia Hostettler","Est. reading time":"1 minute"},"schema":{"@context":"https:\/\/schema.org","@graph":[{"@type":"Article","@id":"https:\/\/www.he-arc.ch\/en\/actualites\/133-nouveaux-diplomes-a-la-heg-arc\/#article","isPartOf":{"@id":"https:\/\/www.he-arc.ch\/en\/actualites\/133-nouveaux-diplomes-a-la-heg-arc\/"},"author":{"name":"Laetitia Hostettler","@id":"https:\/\/www.he-arc.ch\/en\/#\/schema\/person\/403d503038b34bd95a7bf98c3289cf85"},"headline":"133 nouveaux dipl\u00f4m\u00e9s \u00e0 la HEG Arc","datePublished":"2025-05-06T11:56:00+00:00","dateModified":"2025-05-16T08:29:29+00:00","mainEntityOfPage":{"@id":"https:\/\/www.he-arc.ch\/en\/actualites\/133-nouveaux-diplomes-a-la-heg-arc\/"},"wordCount":63,"publisher":{"@id":"https:\/\/www.he-arc.ch\/en\/#organization"},"image":{"@id":"https:\/\/www.he-arc.ch\/en\/actualites\/133-nouveaux-diplomes-a-la-heg-arc\/#primaryimage"},"thumbnailUrl":"https:\/\/www.he-arc.ch\/wp-content\/uploads\/2025\/05\/RemiseDiplomeHEG2025-29.jpg","articleSection":["Bachelors"],"inLanguage":"en-US"},{"@type":"WebPage","@id":"https:\/\/www.he-arc.ch\/en\/actualites\/133-nouveaux-diplomes-a-la-heg-arc\/","url":"https:\/\/www.he-arc.ch\/en\/actualites\/133-nouveaux-diplomes-a-la-heg-arc\/","name":"133 nouveaux dipl\u00f4m\u00e9s \u00e0 la HEG Arc - Haute-Ecole Arc","isPartOf":{"@id":"https:\/\/www.he-arc.ch\/en\/#website"},"primaryImageOfPage":{"@id":"https:\/\/www.he-arc.ch\/en\/actualites\/133-nouveaux-diplomes-a-la-heg-arc\/#primaryimage"},"image":{"@id":"https:\/\/www.he-arc.ch\/en\/actualites\/133-nouveaux-diplomes-a-la-heg-arc\/#primaryimage"},"thumbnailUrl":"https:\/\/www.he-arc.ch\/wp-content\/uploads\/2025\/05\/RemiseDiplomeHEG2025-29.jpg","datePublished":"2025-05-06T11:56:00+00:00","dateModified":"2025-05-16T08:29:29+00:00","breadcrumb":{"@id":"https:\/\/www.he-arc.ch\/en\/actualites\/133-nouveaux-diplomes-a-la-heg-arc\/#breadcrumb"},"inLanguage":"en-US","potentialAction":[{"@type":"ReadAction","target":["https:\/\/www.he-arc.ch\/en\/actualites\/133-nouveaux-diplomes-a-la-heg-arc\/"]}]},{"@type":"ImageObject","inLanguage":"en-US","@id":"https:\/\/www.he-arc.ch\/en\/actualites\/133-nouveaux-diplomes-a-la-heg-arc\/#primaryimage","url":"https:\/\/www.he-arc.ch\/wp-content\/uploads\/2025\/05\/RemiseDiplomeHEG2025-29.jpg","contentUrl":"https:\/\/www.he-arc.ch\/wp-content\/uploads\/2025\/05\/RemiseDiplomeHEG2025-29.jpg","width":1688,"height":1125,"caption":"Lieu : Saignel\u00e9gier - Franches-Montagnes - Jura - Suisse \/ Droits d'utilisation uniquement pour HE-ARC \/ photo : patriceschreyer.com"},{"@type":"BreadcrumbList","@id":"https:\/\/www.he-arc.ch\/en\/actualites\/133-nouveaux-diplomes-a-la-heg-arc\/#breadcrumb","itemListElement":[{"@type":"ListItem","position":1,"name":"Accueil","item":"https:\/\/www.he-arc.ch\/en\/"},{"@type":"ListItem","position":2,"name":"133 nouveaux dipl\u00f4m\u00e9s \u00e0 la HEG Arc"}]},{"@type":"WebSite","@id":"https:\/\/www.he-arc.ch\/en\/#website","url":"https:\/\/www.he-arc.ch\/en\/","name":"Haute-Ecole Arc","description":"Haute \u00e9cole sp\u00e9cialis\u00e9e Suisse. Gestion, Ing\u00e9nierie, Sant\u00e9, Conservation-\u200brestauration.","publisher":{"@id":"https:\/\/www.he-arc.ch\/en\/#organization"},"potentialAction":[{"@type":"SearchAction","target":{"@type":"EntryPoint","urlTemplate":"https:\/\/www.he-arc.ch\/en\/?s={search_term_string}"},"query-input":{"@type":"PropertyValueSpecification","valueRequired":true,"valueName":"search_term_string"}}],"inLanguage":"en-US"},{"@type":"Organization","@id":"https:\/\/www.he-arc.ch\/en\/#organization","name":"Haute Ecole Arc","url":"https:\/\/www.he-arc.ch\/en\/","logo":{"@type":"ImageObject","inLanguage":"en-US","@id":"https:\/\/www.he-arc.ch\/en\/#\/schema\/logo\/image\/","url":"https:\/\/www.he-arc.ch\/wp-content\/uploads\/2022\/01\/logo-he-arc.svg","contentUrl":"https:\/\/www.he-arc.ch\/wp-content\/uploads\/2022\/01\/logo-he-arc.svg","width":140,"height":42,"caption":"Haute Ecole Arc"},"image":{"@id":"https:\/\/www.he-arc.ch\/en\/#\/schema\/logo\/image\/"}},{"@type":"Person","@id":"https:\/\/www.he-arc.ch\/en\/#\/schema\/person\/403d503038b34bd95a7bf98c3289cf85","name":"Laetitia Hostettler","image":{"@type":"ImageObject","inLanguage":"en-US","@id":"https:\/\/www.he-arc.ch\/en\/#\/schema\/person\/image\/","url":"https:\/\/secure.gravatar.com\/avatar\/4ebb04b9cd61641a7fd3016bd5e844bc9e7eb39d639e8179421c93928ada9fd6?s=96&d=mm&r=g","contentUrl":"https:\/\/secure.gravatar.com\/avatar\/4ebb04b9cd61641a7fd3016bd5e844bc9e7eb39d639e8179421c93928ada9fd6?s=96&d=mm&r=g","caption":"Laetitia Hostettler"}}]}},"_links":{"self":[{"href":"https:\/\/www.he-arc.ch\/en\/wp-json\/wp\/v2\/posts\/68268","targetHints":{"allow":["GET"]}}],"collection":[{"href":"https:\/\/www.he-arc.ch\/en\/wp-json\/wp\/v2\/posts"}],"about":[{"href":"https:\/\/www.he-arc.ch\/en\/wp-json\/wp\/v2\/types\/post"}],"author":[{"embeddable":true,"href":"https:\/\/www.he-arc.ch\/en\/wp-json\/wp\/v2\/users\/46"}],"replies":[{"embeddable":true,"href":"https:\/\/www.he-arc.ch\/en\/wp-json\/wp\/v2\/comments?post=68268"}],"version-history":[{"count":11,"href":"https:\/\/www.he-arc.ch\/en\/wp-json\/wp\/v2\/posts\/68268\/revisions"}],"predecessor-version":[{"id":68720,"href":"https:\/\/www.he-arc.ch\/en\/wp-json\/wp\/v2\/posts\/68268\/revisions\/68720"}],"wp:featuredmedia":[{"embeddable":true,"href":"https:\/\/www.he-arc.ch\/en\/wp-json\/wp\/v2\/media\/68341"}],"wp:attachment":[{"href":"https:\/\/www.he-arc.ch\/en\/wp-json\/wp\/v2\/media?parent=68268"}],"wp:term":[{"taxonomy":"category","embeddable":true,"href":"https:\/\/www.he-arc.ch\/en\/wp-json\/wp\/v2\/categories?post=68268"},{"taxonomy":"post_tag","embeddable":true,"href":"https:\/\/www.he-arc.ch\/en\/wp-json\/wp\/v2\/tags?post=68268"},{"taxonomy":"he-arc_domain","embeddable":true,"href":"https:\/\/www.he-arc.ch\/en\/wp-json\/wp\/v2\/he-arc_domain?post=68268"}],"curies":[{"name":"wp","href":"https:\/\/api.w.org\/{rel}","templated":true}]}}