{"id":72629,"date":"2025-10-06T09:50:15","date_gmt":"2025-10-06T07:50:15","guid":{"rendered":"https:\/\/www.he-arc.ch\/?p=72629"},"modified":"2025-10-06T09:52:19","modified_gmt":"2025-10-06T07:52:19","slug":"134-nouveaux-titres-delivres-a-la-haute-ecole-de-gestion-arc","status":"publish","type":"post","link":"https:\/\/www.he-arc.ch\/en\/actualites\/134-nouveaux-titres-delivres-a-la-haute-ecole-de-gestion-arc\/","title":{"rendered":"134 nouveaux titres d\u00e9livr\u00e9s \u00e0 la Haute \u00e9cole de gestion Arc"},"content":{"rendered":"\n<p>Au total, 134 dipl\u00f4m\u00e9s issus principalement des cantons de Berne, Neuch\u00e2tel, Jura, Vaud, et Fribourg ont re\u00e7u un papier certifiant leur postformation en management : 12 EMBA Management &amp; Leadership, 22 en Fiscalit\u00e9 des PME, 22 en Public Affairs &amp; Lobbying, 21 en Intelligence Artificielle appliqu\u00e9e en entreprise, 17 en Management et leadership de projet, 12 en Travail et Sant\u00e9, 11 en Paralegal, 10 en Outils de Management public et 7 en Gestion publique.<\/p>\n\n\n\n<p>\u00abLe succ\u00e8s de nos formations s\u2019explique par leur capacit\u00e9 \u00e0 relier savoirs th\u00e9oriques et pratiques professionnelles\u00bb, explique Olivier Kubli. \u00abLes participants repartent avec des comp\u00e9tences utiles et imm\u00e9diatement applicables dans leurs domaines d\u2019activit\u00e9s.\u00bb<\/p>\n\n\n\n<ul class=\"wp-block-list\">\n<li><a href=\"https:\/\/www.he-arc.ch\/wp-content\/uploads\/2025\/10\/GES-COM251002-CommPresse-Remise-de-diplomes-CAS-EMBA_web.pdf\" target=\"_blank\" rel=\"noreferrer noopener\">Communiqu\u00e9 de presse<\/a><br><\/li>\n<\/ul>\n\n\n\n<p><a href=\"https:\/\/www.he-arc.ch\/gestion-en\/formation-continue-certificats-detudes-avancees-cas\/\" target=\"_blank\" rel=\"noreferrer noopener\">Retrouvez l&#8217;ensemble des Certificats d\u2019\u00e9tudes avanc\u00e9es (CAS) propos\u00e9s par la HEG Arc<\/a><\/p>\n\n\n\n<div id='gallery-1' class='gallery galleryid-72629 gallery-columns-3 gallery-size-thumbnail'><figure class='gallery-item'>\n\t\t\t<div class='gallery-icon landscape'>\n\t\t\t\t<a href='https:\/\/www.he-arc.ch\/en\/heg-arc-remise-de-diplome-3-2\/'><img decoding=\"async\" width=\"150\" height=\"150\" src=\"https:\/\/www.he-arc.ch\/wp-content\/uploads\/2025\/10\/19_CAS30sept2025-150x150.jpg\" class=\"attachment-thumbnail size-thumbnail\" alt=\"\" \/><\/a>\n\t\t\t<\/div><\/figure><figure class='gallery-item'>\n\t\t\t<div class='gallery-icon landscape'>\n\t\t\t\t<a href='https:\/\/www.he-arc.ch\/en\/heg-arc-remise-de-diplome-16-2\/'><img decoding=\"async\" width=\"150\" height=\"150\" src=\"https:\/\/www.he-arc.ch\/wp-content\/uploads\/2025\/10\/21_HEG_CAS_2oct2025-150x150.jpg\" class=\"attachment-thumbnail size-thumbnail\" alt=\"\" \/><\/a>\n\t\t\t<\/div><\/figure><figure class='gallery-item'>\n\t\t\t<div class='gallery-icon landscape'>\n\t\t\t\t<a href='https:\/\/www.he-arc.ch\/en\/heg-arc-remise-de-diplome-2\/'><img decoding=\"async\" width=\"150\" height=\"150\" src=\"https:\/\/www.he-arc.ch\/wp-content\/uploads\/2025\/10\/14_CAS30sept2025-150x150.jpg\" class=\"attachment-thumbnail size-thumbnail\" alt=\"\" \/><\/a>\n\t\t\t<\/div><\/figure><figure class='gallery-item'>\n\t\t\t<div class='gallery-icon landscape'>\n\t\t\t\t<a href='https:\/\/www.he-arc.ch\/en\/heg-arc-remise-de-diplome-11-2\/'><img decoding=\"async\" width=\"150\" height=\"150\" src=\"https:\/\/www.he-arc.ch\/wp-content\/uploads\/2025\/10\/10_HEG_CAS_2oct2025-150x150.jpg\" class=\"attachment-thumbnail size-thumbnail\" alt=\"\" \/><\/a>\n\t\t\t<\/div><\/figure><figure class='gallery-item'>\n\t\t\t<div class='gallery-icon landscape'>\n\t\t\t\t<a href='https:\/\/www.he-arc.ch\/en\/heg-arc-remise-de-diplome-9-2\/'><img decoding=\"async\" width=\"150\" height=\"150\" src=\"https:\/\/www.he-arc.ch\/wp-content\/uploads\/2025\/10\/5_HEG_CAS_2oct2025-150x150.jpg\" class=\"attachment-thumbnail size-thumbnail\" alt=\"\" \/><\/a>\n\t\t\t<\/div><\/figure><figure class='gallery-item'>\n\t\t\t<div class='gallery-icon landscape'>\n\t\t\t\t<a href='https:\/\/www.he-arc.ch\/en\/heg-arc-remise-de-diplome-4-2\/'><img decoding=\"async\" width=\"150\" height=\"150\" src=\"https:\/\/www.he-arc.ch\/wp-content\/uploads\/2025\/10\/22_CAS30sept2025-150x150.jpg\" class=\"attachment-thumbnail size-thumbnail\" alt=\"\" \/><\/a>\n\t\t\t<\/div><\/figure><figure class='gallery-item'>\n\t\t\t<div class='gallery-icon landscape'>\n\t\t\t\t<a href='https:\/\/www.he-arc.ch\/en\/heg-arc-remise-de-diplome-13-2\/'><img decoding=\"async\" width=\"150\" height=\"150\" src=\"https:\/\/www.he-arc.ch\/wp-content\/uploads\/2025\/10\/14_HEG_CAS_2oct2025-150x150.jpg\" class=\"attachment-thumbnail size-thumbnail\" alt=\"\" \/><\/a>\n\t\t\t<\/div><\/figure><figure class='gallery-item'>\n\t\t\t<div class='gallery-icon landscape'>\n\t\t\t\t<a href='https:\/\/www.he-arc.ch\/en\/heg-arc-remise-de-diplome-7-2\/'><img decoding=\"async\" width=\"150\" height=\"150\" src=\"https:\/\/www.he-arc.ch\/wp-content\/uploads\/2025\/10\/48_CAS30sept2025-150x150.jpg\" class=\"attachment-thumbnail size-thumbnail\" alt=\"\" \/><\/a>\n\t\t\t<\/div><\/figure><figure class='gallery-item'>\n\t\t\t<div class='gallery-icon landscape'>\n\t\t\t\t<a href='https:\/\/www.he-arc.ch\/en\/heg-arc-remise-de-diplome-6-2\/'><img decoding=\"async\" width=\"150\" height=\"150\" src=\"https:\/\/www.he-arc.ch\/wp-content\/uploads\/2025\/10\/40_CAS30sept2025-150x150.jpg\" class=\"attachment-thumbnail size-thumbnail\" alt=\"\" \/><\/a>\n\t\t\t<\/div><\/figure><figure class='gallery-item'>\n\t\t\t<div class='gallery-icon portrait'>\n\t\t\t\t<a href='https:\/\/www.he-arc.ch\/en\/heg-arc-remise-de-diplome-2-2\/'><img decoding=\"async\" width=\"150\" height=\"150\" src=\"https:\/\/www.he-arc.ch\/wp-content\/uploads\/2025\/10\/16_CAS30sept2025-150x150.jpg\" class=\"attachment-thumbnail size-thumbnail\" alt=\"\" \/><\/a>\n\t\t\t<\/div><\/figure><figure class='gallery-item'>\n\t\t\t<div class='gallery-icon landscape'>\n\t\t\t\t<a href='https:\/\/www.he-arc.ch\/en\/heg-arc-remise-de-diplome-8-2\/'><img decoding=\"async\" width=\"150\" height=\"150\" src=\"https:\/\/www.he-arc.ch\/wp-content\/uploads\/2025\/10\/54_CAS30sept2025-150x150.jpg\" class=\"attachment-thumbnail size-thumbnail\" alt=\"\" \/><\/a>\n\t\t\t<\/div><\/figure><figure class='gallery-item'>\n\t\t\t<div class='gallery-icon landscape'>\n\t\t\t\t<a href='https:\/\/www.he-arc.ch\/en\/heg-arc-remise-de-diplome-15-2\/'><img decoding=\"async\" width=\"150\" height=\"150\" src=\"https:\/\/www.he-arc.ch\/wp-content\/uploads\/2025\/10\/19_HEG_CAS_2oct2025-150x150.jpg\" class=\"attachment-thumbnail size-thumbnail\" alt=\"\" \/><\/a>\n\t\t\t<\/div><\/figure><figure class='gallery-item'>\n\t\t\t<div class='gallery-icon landscape'>\n\t\t\t\t<a href='https:\/\/www.he-arc.ch\/en\/heg-arc-remise-de-diplome-12-2\/'><img decoding=\"async\" width=\"150\" height=\"150\" src=\"https:\/\/www.he-arc.ch\/wp-content\/uploads\/2025\/10\/11_HEG_CAS_2oct2025-150x150.jpg\" class=\"attachment-thumbnail size-thumbnail\" alt=\"\" \/><\/a>\n\t\t\t<\/div><\/figure><figure class='gallery-item'>\n\t\t\t<div class='gallery-icon landscape'>\n\t\t\t\t<a href='https:\/\/www.he-arc.ch\/en\/heg-arc-remise-de-diplome-5-2\/'><img decoding=\"async\" width=\"150\" height=\"150\" src=\"https:\/\/www.he-arc.ch\/wp-content\/uploads\/2025\/10\/34_CAS30sept2025-150x150.jpg\" class=\"attachment-thumbnail size-thumbnail\" alt=\"\" \/><\/a>\n\t\t\t<\/div><\/figure><figure class='gallery-item'>\n\t\t\t<div class='gallery-icon landscape'>\n\t\t\t\t<a href='https:\/\/www.he-arc.ch\/en\/heg-arc-remise-de-diplome-14-2\/'><img decoding=\"async\" width=\"150\" height=\"150\" src=\"https:\/\/www.he-arc.ch\/wp-content\/uploads\/2025\/10\/17_HEG_CAS_2oct2025-150x150.jpg\" class=\"attachment-thumbnail size-thumbnail\" alt=\"\" \/><\/a>\n\t\t\t<\/div><\/figure><figure class='gallery-item'>\n\t\t\t<div class='gallery-icon landscape'>\n\t\t\t\t<a href='https:\/\/www.he-arc.ch\/en\/heg-arc-remise-de-diplome-10-2\/'><img decoding=\"async\" width=\"150\" height=\"150\" src=\"https:\/\/www.he-arc.ch\/wp-content\/uploads\/2025\/10\/8_HEG_CAS_2oct2025-150x150.jpg\" class=\"attachment-thumbnail size-thumbnail\" alt=\"\" \/><\/a>\n\t\t\t<\/div><\/figure>\n\t\t<\/div>\n\n\n\n\n<p><\/p>\n","protected":false},"excerpt":{"rendered":"<p>Au total, 134 dipl\u00f4m\u00e9s issus principalement des cantons de Berne, Neuch\u00e2tel, Jura, Vaud, et Fribourg ont re\u00e7u un papier certifiant leur postformation en management : 12 EMBA Management &amp; Leadership, 22 en Fiscalit\u00e9 des PME, 22 en Public Affairs &amp; Lobbying, 21 en Intelligence Artificielle appliqu\u00e9e en entreprise, 17 en Management et leadership de projet, [&hellip;]<\/p>\n","protected":false},"author":46,"featured_media":72653,"comment_status":"closed","ping_status":"open","sticky":false,"template":"","format":"standard","meta":{"_acf_changed":false,"footnotes":""},"categories":[137],"tags":[],"he-arc_domain":[2],"class_list":["post-72629","post","type-post","status-publish","format-standard","has-post-thumbnail","hentry","category-formation-continue","he-arc_domain-gestion"],"acf":[],"yoast_head":"<!-- This site is optimized with the Yoast SEO plugin v26.6 - https:\/\/yoast.com\/wordpress\/plugins\/seo\/ -->\n<title>134 nouveaux titres d\u00e9livr\u00e9s \u00e0 la Haute \u00e9cole de gestion Arc - Haute-Ecole Arc<\/title>\n<meta name=\"robots\" content=\"index, follow, max-snippet:-1, max-image-preview:large, max-video-preview:-1\" \/>\n<link rel=\"canonical\" href=\"https:\/\/www.he-arc.ch\/en\/actualites\/134-nouveaux-titres-delivres-a-la-haute-ecole-de-gestion-arc\/\" \/>\n<meta property=\"og:locale\" content=\"en_US\" \/>\n<meta property=\"og:type\" content=\"article\" \/>\n<meta property=\"og:title\" content=\"134 nouveaux titres d\u00e9livr\u00e9s \u00e0 la Haute \u00e9cole de gestion Arc - Haute-Ecole Arc\" \/>\n<meta property=\"og:description\" content=\"Au total, 134 dipl\u00f4m\u00e9s issus principalement des cantons de Berne, Neuch\u00e2tel, Jura, Vaud, et Fribourg ont re\u00e7u un papier certifiant leur postformation en management : 12 EMBA Management &amp; Leadership, 22 en Fiscalit\u00e9 des PME, 22 en Public Affairs &amp; Lobbying, 21 en Intelligence Artificielle appliqu\u00e9e en entreprise, 17 en Management et leadership de projet, [&hellip;]\" \/>\n<meta property=\"og:url\" content=\"https:\/\/www.he-arc.ch\/en\/actualites\/134-nouveaux-titres-delivres-a-la-haute-ecole-de-gestion-arc\/\" \/>\n<meta property=\"og:site_name\" content=\"Haute-Ecole Arc\" \/>\n<meta property=\"article:published_time\" content=\"2025-10-06T07:50:15+00:00\" \/>\n<meta property=\"article:modified_time\" content=\"2025-10-06T07:52:19+00:00\" \/>\n<meta property=\"og:image\" content=\"https:\/\/www.he-arc.ch\/wp-content\/uploads\/2025\/10\/10_HEG_CAS_2oct2025.jpg\" \/>\n\t<meta property=\"og:image:width\" content=\"1600\" \/>\n\t<meta property=\"og:image:height\" content=\"1067\" \/>\n\t<meta property=\"og:image:type\" content=\"image\/jpeg\" \/>\n<meta name=\"author\" content=\"Laetitia Hostettler\" \/>\n<meta name=\"twitter:card\" content=\"summary_large_image\" \/>\n<meta name=\"twitter:label1\" content=\"Written by\" \/>\n\t<meta name=\"twitter:data1\" content=\"Laetitia Hostettler\" \/>\n\t<meta name=\"twitter:label2\" content=\"Est. reading time\" \/>\n\t<meta name=\"twitter:data2\" content=\"1 minute\" \/>\n<script type=\"application\/ld+json\" class=\"yoast-schema-graph\">{\"@context\":\"https:\/\/schema.org\",\"@graph\":[{\"@type\":\"Article\",\"@id\":\"https:\/\/www.he-arc.ch\/en\/actualites\/134-nouveaux-titres-delivres-a-la-haute-ecole-de-gestion-arc\/#article\",\"isPartOf\":{\"@id\":\"https:\/\/www.he-arc.ch\/en\/actualites\/134-nouveaux-titres-delivres-a-la-haute-ecole-de-gestion-arc\/\"},\"author\":{\"name\":\"Laetitia Hostettler\",\"@id\":\"https:\/\/www.he-arc.ch\/en\/#\/schema\/person\/403d503038b34bd95a7bf98c3289cf85\"},\"headline\":\"134 nouveaux titres d\u00e9livr\u00e9s \u00e0 la Haute \u00e9cole de gestion Arc\",\"datePublished\":\"2025-10-06T07:50:15+00:00\",\"dateModified\":\"2025-10-06T07:52:19+00:00\",\"mainEntityOfPage\":{\"@id\":\"https:\/\/www.he-arc.ch\/en\/actualites\/134-nouveaux-titres-delivres-a-la-haute-ecole-de-gestion-arc\/\"},\"wordCount\":141,\"publisher\":{\"@id\":\"https:\/\/www.he-arc.ch\/en\/#organization\"},\"image\":{\"@id\":\"https:\/\/www.he-arc.ch\/en\/actualites\/134-nouveaux-titres-delivres-a-la-haute-ecole-de-gestion-arc\/#primaryimage\"},\"thumbnailUrl\":\"https:\/\/www.he-arc.ch\/wp-content\/uploads\/2025\/10\/10_HEG_CAS_2oct2025.jpg\",\"articleSection\":[\"Formation continue\"],\"inLanguage\":\"en-US\"},{\"@type\":\"WebPage\",\"@id\":\"https:\/\/www.he-arc.ch\/en\/actualites\/134-nouveaux-titres-delivres-a-la-haute-ecole-de-gestion-arc\/\",\"url\":\"https:\/\/www.he-arc.ch\/en\/actualites\/134-nouveaux-titres-delivres-a-la-haute-ecole-de-gestion-arc\/\",\"name\":\"134 nouveaux titres d\u00e9livr\u00e9s \u00e0 la Haute \u00e9cole de gestion Arc - Haute-Ecole Arc\",\"isPartOf\":{\"@id\":\"https:\/\/www.he-arc.ch\/en\/#website\"},\"primaryImageOfPage\":{\"@id\":\"https:\/\/www.he-arc.ch\/en\/actualites\/134-nouveaux-titres-delivres-a-la-haute-ecole-de-gestion-arc\/#primaryimage\"},\"image\":{\"@id\":\"https:\/\/www.he-arc.ch\/en\/actualites\/134-nouveaux-titres-delivres-a-la-haute-ecole-de-gestion-arc\/#primaryimage\"},\"thumbnailUrl\":\"https:\/\/www.he-arc.ch\/wp-content\/uploads\/2025\/10\/10_HEG_CAS_2oct2025.jpg\",\"datePublished\":\"2025-10-06T07:50:15+00:00\",\"dateModified\":\"2025-10-06T07:52:19+00:00\",\"breadcrumb\":{\"@id\":\"https:\/\/www.he-arc.ch\/en\/actualites\/134-nouveaux-titres-delivres-a-la-haute-ecole-de-gestion-arc\/#breadcrumb\"},\"inLanguage\":\"en-US\",\"potentialAction\":[{\"@type\":\"ReadAction\",\"target\":[\"https:\/\/www.he-arc.ch\/en\/actualites\/134-nouveaux-titres-delivres-a-la-haute-ecole-de-gestion-arc\/\"]}]},{\"@type\":\"ImageObject\",\"inLanguage\":\"en-US\",\"@id\":\"https:\/\/www.he-arc.ch\/en\/actualites\/134-nouveaux-titres-delivres-a-la-haute-ecole-de-gestion-arc\/#primaryimage\",\"url\":\"https:\/\/www.he-arc.ch\/wp-content\/uploads\/2025\/10\/10_HEG_CAS_2oct2025.jpg\",\"contentUrl\":\"https:\/\/www.he-arc.ch\/wp-content\/uploads\/2025\/10\/10_HEG_CAS_2oct2025.jpg\",\"width\":1600,\"height\":1067},{\"@type\":\"BreadcrumbList\",\"@id\":\"https:\/\/www.he-arc.ch\/en\/actualites\/134-nouveaux-titres-delivres-a-la-haute-ecole-de-gestion-arc\/#breadcrumb\",\"itemListElement\":[{\"@type\":\"ListItem\",\"position\":1,\"name\":\"Accueil\",\"item\":\"https:\/\/www.he-arc.ch\/en\/\"},{\"@type\":\"ListItem\",\"position\":2,\"name\":\"134 nouveaux titres d\u00e9livr\u00e9s \u00e0 la Haute \u00e9cole de gestion Arc\"}]},{\"@type\":\"WebSite\",\"@id\":\"https:\/\/www.he-arc.ch\/en\/#website\",\"url\":\"https:\/\/www.he-arc.ch\/en\/\",\"name\":\"Haute-Ecole Arc\",\"description\":\"Haute \u00e9cole sp\u00e9cialis\u00e9e Suisse. Gestion, Ing\u00e9nierie, Sant\u00e9, Conservation-\u200brestauration.\",\"publisher\":{\"@id\":\"https:\/\/www.he-arc.ch\/en\/#organization\"},\"potentialAction\":[{\"@type\":\"SearchAction\",\"target\":{\"@type\":\"EntryPoint\",\"urlTemplate\":\"https:\/\/www.he-arc.ch\/en\/?s={search_term_string}\"},\"query-input\":{\"@type\":\"PropertyValueSpecification\",\"valueRequired\":true,\"valueName\":\"search_term_string\"}}],\"inLanguage\":\"en-US\"},{\"@type\":\"Organization\",\"@id\":\"https:\/\/www.he-arc.ch\/en\/#organization\",\"name\":\"Haute Ecole Arc\",\"url\":\"https:\/\/www.he-arc.ch\/en\/\",\"logo\":{\"@type\":\"ImageObject\",\"inLanguage\":\"en-US\",\"@id\":\"https:\/\/www.he-arc.ch\/en\/#\/schema\/logo\/image\/\",\"url\":\"https:\/\/www.he-arc.ch\/wp-content\/uploads\/2022\/01\/logo-he-arc.svg\",\"contentUrl\":\"https:\/\/www.he-arc.ch\/wp-content\/uploads\/2022\/01\/logo-he-arc.svg\",\"width\":140,\"height\":42,\"caption\":\"Haute Ecole Arc\"},\"image\":{\"@id\":\"https:\/\/www.he-arc.ch\/en\/#\/schema\/logo\/image\/\"}},{\"@type\":\"Person\",\"@id\":\"https:\/\/www.he-arc.ch\/en\/#\/schema\/person\/403d503038b34bd95a7bf98c3289cf85\",\"name\":\"Laetitia Hostettler\",\"image\":{\"@type\":\"ImageObject\",\"inLanguage\":\"en-US\",\"@id\":\"https:\/\/www.he-arc.ch\/en\/#\/schema\/person\/image\/\",\"url\":\"https:\/\/secure.gravatar.com\/avatar\/4ebb04b9cd61641a7fd3016bd5e844bc9e7eb39d639e8179421c93928ada9fd6?s=96&d=mm&r=g\",\"contentUrl\":\"https:\/\/secure.gravatar.com\/avatar\/4ebb04b9cd61641a7fd3016bd5e844bc9e7eb39d639e8179421c93928ada9fd6?s=96&d=mm&r=g\",\"caption\":\"Laetitia Hostettler\"}}]}<\/script>\n<!-- \/ Yoast SEO plugin. -->","yoast_head_json":{"title":"134 nouveaux titres d\u00e9livr\u00e9s \u00e0 la Haute \u00e9cole de gestion Arc - Haute-Ecole Arc","robots":{"index":"index","follow":"follow","max-snippet":"max-snippet:-1","max-image-preview":"max-image-preview:large","max-video-preview":"max-video-preview:-1"},"canonical":"https:\/\/www.he-arc.ch\/en\/actualites\/134-nouveaux-titres-delivres-a-la-haute-ecole-de-gestion-arc\/","og_locale":"en_US","og_type":"article","og_title":"134 nouveaux titres d\u00e9livr\u00e9s \u00e0 la Haute \u00e9cole de gestion Arc - Haute-Ecole Arc","og_description":"Au total, 134 dipl\u00f4m\u00e9s issus principalement des cantons de Berne, Neuch\u00e2tel, Jura, Vaud, et Fribourg ont re\u00e7u un papier certifiant leur postformation en management : 12 EMBA Management &amp; Leadership, 22 en Fiscalit\u00e9 des PME, 22 en Public Affairs &amp; Lobbying, 21 en Intelligence Artificielle appliqu\u00e9e en entreprise, 17 en Management et leadership de projet, [&hellip;]","og_url":"https:\/\/www.he-arc.ch\/en\/actualites\/134-nouveaux-titres-delivres-a-la-haute-ecole-de-gestion-arc\/","og_site_name":"Haute-Ecole Arc","article_published_time":"2025-10-06T07:50:15+00:00","article_modified_time":"2025-10-06T07:52:19+00:00","og_image":[{"width":1600,"height":1067,"url":"https:\/\/www.he-arc.ch\/wp-content\/uploads\/2025\/10\/10_HEG_CAS_2oct2025.jpg","type":"image\/jpeg"}],"author":"Laetitia Hostettler","twitter_card":"summary_large_image","twitter_misc":{"Written by":"Laetitia Hostettler","Est. reading time":"1 minute"},"schema":{"@context":"https:\/\/schema.org","@graph":[{"@type":"Article","@id":"https:\/\/www.he-arc.ch\/en\/actualites\/134-nouveaux-titres-delivres-a-la-haute-ecole-de-gestion-arc\/#article","isPartOf":{"@id":"https:\/\/www.he-arc.ch\/en\/actualites\/134-nouveaux-titres-delivres-a-la-haute-ecole-de-gestion-arc\/"},"author":{"name":"Laetitia Hostettler","@id":"https:\/\/www.he-arc.ch\/en\/#\/schema\/person\/403d503038b34bd95a7bf98c3289cf85"},"headline":"134 nouveaux titres d\u00e9livr\u00e9s \u00e0 la Haute \u00e9cole de gestion Arc","datePublished":"2025-10-06T07:50:15+00:00","dateModified":"2025-10-06T07:52:19+00:00","mainEntityOfPage":{"@id":"https:\/\/www.he-arc.ch\/en\/actualites\/134-nouveaux-titres-delivres-a-la-haute-ecole-de-gestion-arc\/"},"wordCount":141,"publisher":{"@id":"https:\/\/www.he-arc.ch\/en\/#organization"},"image":{"@id":"https:\/\/www.he-arc.ch\/en\/actualites\/134-nouveaux-titres-delivres-a-la-haute-ecole-de-gestion-arc\/#primaryimage"},"thumbnailUrl":"https:\/\/www.he-arc.ch\/wp-content\/uploads\/2025\/10\/10_HEG_CAS_2oct2025.jpg","articleSection":["Formation continue"],"inLanguage":"en-US"},{"@type":"WebPage","@id":"https:\/\/www.he-arc.ch\/en\/actualites\/134-nouveaux-titres-delivres-a-la-haute-ecole-de-gestion-arc\/","url":"https:\/\/www.he-arc.ch\/en\/actualites\/134-nouveaux-titres-delivres-a-la-haute-ecole-de-gestion-arc\/","name":"134 nouveaux titres d\u00e9livr\u00e9s \u00e0 la Haute \u00e9cole de gestion Arc - Haute-Ecole Arc","isPartOf":{"@id":"https:\/\/www.he-arc.ch\/en\/#website"},"primaryImageOfPage":{"@id":"https:\/\/www.he-arc.ch\/en\/actualites\/134-nouveaux-titres-delivres-a-la-haute-ecole-de-gestion-arc\/#primaryimage"},"image":{"@id":"https:\/\/www.he-arc.ch\/en\/actualites\/134-nouveaux-titres-delivres-a-la-haute-ecole-de-gestion-arc\/#primaryimage"},"thumbnailUrl":"https:\/\/www.he-arc.ch\/wp-content\/uploads\/2025\/10\/10_HEG_CAS_2oct2025.jpg","datePublished":"2025-10-06T07:50:15+00:00","dateModified":"2025-10-06T07:52:19+00:00","breadcrumb":{"@id":"https:\/\/www.he-arc.ch\/en\/actualites\/134-nouveaux-titres-delivres-a-la-haute-ecole-de-gestion-arc\/#breadcrumb"},"inLanguage":"en-US","potentialAction":[{"@type":"ReadAction","target":["https:\/\/www.he-arc.ch\/en\/actualites\/134-nouveaux-titres-delivres-a-la-haute-ecole-de-gestion-arc\/"]}]},{"@type":"ImageObject","inLanguage":"en-US","@id":"https:\/\/www.he-arc.ch\/en\/actualites\/134-nouveaux-titres-delivres-a-la-haute-ecole-de-gestion-arc\/#primaryimage","url":"https:\/\/www.he-arc.ch\/wp-content\/uploads\/2025\/10\/10_HEG_CAS_2oct2025.jpg","contentUrl":"https:\/\/www.he-arc.ch\/wp-content\/uploads\/2025\/10\/10_HEG_CAS_2oct2025.jpg","width":1600,"height":1067},{"@type":"BreadcrumbList","@id":"https:\/\/www.he-arc.ch\/en\/actualites\/134-nouveaux-titres-delivres-a-la-haute-ecole-de-gestion-arc\/#breadcrumb","itemListElement":[{"@type":"ListItem","position":1,"name":"Accueil","item":"https:\/\/www.he-arc.ch\/en\/"},{"@type":"ListItem","position":2,"name":"134 nouveaux titres d\u00e9livr\u00e9s \u00e0 la Haute \u00e9cole de gestion Arc"}]},{"@type":"WebSite","@id":"https:\/\/www.he-arc.ch\/en\/#website","url":"https:\/\/www.he-arc.ch\/en\/","name":"Haute-Ecole Arc","description":"Haute \u00e9cole sp\u00e9cialis\u00e9e Suisse. Gestion, Ing\u00e9nierie, Sant\u00e9, Conservation-\u200brestauration.","publisher":{"@id":"https:\/\/www.he-arc.ch\/en\/#organization"},"potentialAction":[{"@type":"SearchAction","target":{"@type":"EntryPoint","urlTemplate":"https:\/\/www.he-arc.ch\/en\/?s={search_term_string}"},"query-input":{"@type":"PropertyValueSpecification","valueRequired":true,"valueName":"search_term_string"}}],"inLanguage":"en-US"},{"@type":"Organization","@id":"https:\/\/www.he-arc.ch\/en\/#organization","name":"Haute Ecole Arc","url":"https:\/\/www.he-arc.ch\/en\/","logo":{"@type":"ImageObject","inLanguage":"en-US","@id":"https:\/\/www.he-arc.ch\/en\/#\/schema\/logo\/image\/","url":"https:\/\/www.he-arc.ch\/wp-content\/uploads\/2022\/01\/logo-he-arc.svg","contentUrl":"https:\/\/www.he-arc.ch\/wp-content\/uploads\/2022\/01\/logo-he-arc.svg","width":140,"height":42,"caption":"Haute Ecole Arc"},"image":{"@id":"https:\/\/www.he-arc.ch\/en\/#\/schema\/logo\/image\/"}},{"@type":"Person","@id":"https:\/\/www.he-arc.ch\/en\/#\/schema\/person\/403d503038b34bd95a7bf98c3289cf85","name":"Laetitia Hostettler","image":{"@type":"ImageObject","inLanguage":"en-US","@id":"https:\/\/www.he-arc.ch\/en\/#\/schema\/person\/image\/","url":"https:\/\/secure.gravatar.com\/avatar\/4ebb04b9cd61641a7fd3016bd5e844bc9e7eb39d639e8179421c93928ada9fd6?s=96&d=mm&r=g","contentUrl":"https:\/\/secure.gravatar.com\/avatar\/4ebb04b9cd61641a7fd3016bd5e844bc9e7eb39d639e8179421c93928ada9fd6?s=96&d=mm&r=g","caption":"Laetitia Hostettler"}}]}},"_links":{"self":[{"href":"https:\/\/www.he-arc.ch\/en\/wp-json\/wp\/v2\/posts\/72629","targetHints":{"allow":["GET"]}}],"collection":[{"href":"https:\/\/www.he-arc.ch\/en\/wp-json\/wp\/v2\/posts"}],"about":[{"href":"https:\/\/www.he-arc.ch\/en\/wp-json\/wp\/v2\/types\/post"}],"author":[{"embeddable":true,"href":"https:\/\/www.he-arc.ch\/en\/wp-json\/wp\/v2\/users\/46"}],"replies":[{"embeddable":true,"href":"https:\/\/www.he-arc.ch\/en\/wp-json\/wp\/v2\/comments?post=72629"}],"version-history":[{"count":11,"href":"https:\/\/www.he-arc.ch\/en\/wp-json\/wp\/v2\/posts\/72629\/revisions"}],"predecessor-version":[{"id":80027,"href":"https:\/\/www.he-arc.ch\/en\/wp-json\/wp\/v2\/posts\/72629\/revisions\/80027"}],"wp:featuredmedia":[{"embeddable":true,"href":"https:\/\/www.he-arc.ch\/en\/wp-json\/wp\/v2\/media\/72653"}],"wp:attachment":[{"href":"https:\/\/www.he-arc.ch\/en\/wp-json\/wp\/v2\/media?parent=72629"}],"wp:term":[{"taxonomy":"category","embeddable":true,"href":"https:\/\/www.he-arc.ch\/en\/wp-json\/wp\/v2\/categories?post=72629"},{"taxonomy":"post_tag","embeddable":true,"href":"https:\/\/www.he-arc.ch\/en\/wp-json\/wp\/v2\/tags?post=72629"},{"taxonomy":"he-arc_domain","embeddable":true,"href":"https:\/\/www.he-arc.ch\/en\/wp-json\/wp\/v2\/he-arc_domain?post=72629"}],"curies":[{"name":"wp","href":"https:\/\/api.w.org\/{rel}","templated":true}]}}