{"id":78298,"date":"2026-01-22T09:47:08","date_gmt":"2026-01-22T08:47:08","guid":{"rendered":"https:\/\/www.he-arc.ch\/?p=78298"},"modified":"2026-01-22T09:51:20","modified_gmt":"2026-01-22T08:51:20","slug":"accueil-des-etudiant%c2%b7e%c2%b7s-en-mobilite-pour-le-semestre-de-printemps-2026","status":"publish","type":"post","link":"https:\/\/www.he-arc.ch\/en\/actualites\/accueil-des-etudiant%c2%b7e%c2%b7s-en-mobilite-pour-le-semestre-de-printemps-2026\/","title":{"rendered":"Accueil des \u00e9tudiant\u00b7e\u00b7s en mobilit\u00e9 pour le semestre de printemps 2026"},"content":{"rendered":"\n<p>Au programme :<\/p>\n\n\n\n<ul class=\"wp-block-list\">\n<li>d\u00e9couverte de la ville de Neuch\u00e2tel et d\u2019une chocolaterie,<\/li>\n\n\n\n<li>visite d\u2019une fromagerie dans le Grand Chasseral,<\/li>\n\n\n\n<li>visite du MIH \u00e0 La Chaux-de-Fonds,<\/li>\n\n\n\n<li>ainsi que diverses activit\u00e9s organis\u00e9es avec les \u00e9tudiant\u00b7e\u00b7s du s\u00e9rail local.<\/li>\n<\/ul>\n\n\n\n<p>Cette semaine d\u2019int\u00e9gration permettra \u00e0 chacun\u00b7e de se familiariser avec les us et coutumes r\u00e9gionaux et de b\u00e9n\u00e9ficier d\u2019un accompagnement personnalis\u00e9 pour les d\u00e9marches administratives et acad\u00e9miques, afin de d\u00e9buter le semestre dans les meilleures conditions.<\/p>\n\n\n\n<p>Pour l\u2019ensemble de l\u2019ann\u00e9e acad\u00e9mique 2025\u20132026, ce sont plus de 60 \u00e9tudiant\u00b7e\u00b7s IN qui auront franchi les portes de la HE\u2011Arc. Parall\u00e8lement, plus d\u2019une trentaine d\u2019\u00e9tudiant\u00b7e\u00b7s de la HE\u2011Arc auront v\u00e9cu une exp\u00e9rience acad\u00e9mique ou pratique \u00e0 travers le monde.<\/p>\n\n\n\n<p>Ces mobilit\u00e9s s\u2019inscrivent dans 19 pays : Allemagne, Angleterre, Azerba\u00efdjan, Belgique, Canada, C\u00f4te d\u2019Ivoire, Espagne, Finlande, France, Inde, Italie, Kazakhstan, Liban, Luxembourg, Maroc, R\u00e9union, S\u00e9n\u00e9gal, Suisse, Tunisie. Elles t\u00e9moignent de la richesse des collaborations internationales entretenues par les diff\u00e9rents domaines de la HE\u2011Arc avec leurs partenaires nationaux et internationaux.<\/p>\n\n\n\n<p>Pour tout renseignement, le <a href=\"https:\/\/www.he-arc.ch\/he-arc-en\/mobilite\/\">Bureau de la mobilit\u00e9 HE\u2011Arc<\/a> se tient volontiers \u00e0 votre disposition.<\/p>\n","protected":false},"excerpt":{"rendered":"<p>Au programme : Cette semaine d\u2019int\u00e9gration permettra \u00e0 chacun\u00b7e de se familiariser avec les us et coutumes r\u00e9gionaux et de b\u00e9n\u00e9ficier d\u2019un accompagnement personnalis\u00e9 pour les d\u00e9marches administratives et acad\u00e9miques, afin de d\u00e9buter le semestre dans les meilleures conditions. Pour l\u2019ensemble de l\u2019ann\u00e9e acad\u00e9mique 2025\u20132026, ce sont plus de 60 \u00e9tudiant\u00b7e\u00b7s IN qui auront franchi [&hellip;]<\/p>\n","protected":false},"author":13,"featured_media":78304,"comment_status":"closed","ping_status":"open","sticky":false,"template":"","format":"standard","meta":{"_acf_changed":false,"footnotes":""},"categories":[1],"tags":[],"he-arc_domain":[6],"class_list":["post-78298","post","type-post","status-publish","format-standard","has-post-thumbnail","hentry","category-non-classifiee","he-arc_domain-he-arc"],"acf":[],"yoast_head":"<!-- This site is optimized with the Yoast SEO plugin v26.6 - https:\/\/yoast.com\/wordpress\/plugins\/seo\/ -->\n<title>Accueil des \u00e9tudiant\u00b7e\u00b7s en mobilit\u00e9 pour le semestre de printemps 2026 - Haute-Ecole Arc<\/title>\n<meta name=\"robots\" content=\"index, follow, max-snippet:-1, max-image-preview:large, max-video-preview:-1\" \/>\n<link rel=\"canonical\" href=\"https:\/\/www.he-arc.ch\/en\/actualites\/accueil-des-etudiant%c2%b7e%c2%b7s-en-mobilite-pour-le-semestre-de-printemps-2026\/\" \/>\n<meta property=\"og:locale\" content=\"en_US\" \/>\n<meta property=\"og:type\" content=\"article\" \/>\n<meta property=\"og:title\" content=\"Accueil des \u00e9tudiant\u00b7e\u00b7s en mobilit\u00e9 pour le semestre de printemps 2026 - Haute-Ecole Arc\" \/>\n<meta property=\"og:description\" content=\"Au programme : Cette semaine d\u2019int\u00e9gration permettra \u00e0 chacun\u00b7e de se familiariser avec les us et coutumes r\u00e9gionaux et de b\u00e9n\u00e9ficier d\u2019un accompagnement personnalis\u00e9 pour les d\u00e9marches administratives et acad\u00e9miques, afin de d\u00e9buter le semestre dans les meilleures conditions. Pour l\u2019ensemble de l\u2019ann\u00e9e acad\u00e9mique 2025\u20132026, ce sont plus de 60 \u00e9tudiant\u00b7e\u00b7s IN qui auront franchi [&hellip;]\" \/>\n<meta property=\"og:url\" content=\"https:\/\/www.he-arc.ch\/en\/actualites\/accueil-des-etudiant%c2%b7e%c2%b7s-en-mobilite-pour-le-semestre-de-printemps-2026\/\" \/>\n<meta property=\"og:site_name\" content=\"Haute-Ecole Arc\" \/>\n<meta property=\"article:published_time\" content=\"2026-01-22T08:47:08+00:00\" \/>\n<meta property=\"article:modified_time\" content=\"2026-01-22T08:51:20+00:00\" \/>\n<meta property=\"og:image\" content=\"https:\/\/www.he-arc.ch\/wp-content\/uploads\/2026\/01\/20250908_140942.jpg\" \/>\n\t<meta property=\"og:image:width\" content=\"2000\" \/>\n\t<meta property=\"og:image:height\" content=\"859\" \/>\n\t<meta property=\"og:image:type\" content=\"image\/jpeg\" \/>\n<meta name=\"author\" content=\"Delphine Vantieghem\" \/>\n<meta name=\"twitter:card\" content=\"summary_large_image\" \/>\n<meta name=\"twitter:label1\" content=\"Written by\" \/>\n\t<meta name=\"twitter:data1\" content=\"Delphine Vantieghem\" \/>\n\t<meta name=\"twitter:label2\" content=\"Est. reading time\" \/>\n\t<meta name=\"twitter:data2\" content=\"2 minutes\" \/>\n<script type=\"application\/ld+json\" class=\"yoast-schema-graph\">{\"@context\":\"https:\/\/schema.org\",\"@graph\":[{\"@type\":\"Article\",\"@id\":\"https:\/\/www.he-arc.ch\/en\/actualites\/accueil-des-etudiant%c2%b7e%c2%b7s-en-mobilite-pour-le-semestre-de-printemps-2026\/#article\",\"isPartOf\":{\"@id\":\"https:\/\/www.he-arc.ch\/en\/actualites\/accueil-des-etudiant%c2%b7e%c2%b7s-en-mobilite-pour-le-semestre-de-printemps-2026\/\"},\"author\":{\"name\":\"Delphine Vantieghem\",\"@id\":\"https:\/\/www.he-arc.ch\/en\/#\/schema\/person\/d586ae583d094894a534ba918c500816\"},\"headline\":\"Accueil des \u00e9tudiant\u00b7e\u00b7s en mobilit\u00e9 pour le semestre de printemps 2026\",\"datePublished\":\"2026-01-22T08:47:08+00:00\",\"dateModified\":\"2026-01-22T08:51:20+00:00\",\"mainEntityOfPage\":{\"@id\":\"https:\/\/www.he-arc.ch\/en\/actualites\/accueil-des-etudiant%c2%b7e%c2%b7s-en-mobilite-pour-le-semestre-de-printemps-2026\/\"},\"wordCount\":226,\"publisher\":{\"@id\":\"https:\/\/www.he-arc.ch\/en\/#organization\"},\"image\":{\"@id\":\"https:\/\/www.he-arc.ch\/en\/actualites\/accueil-des-etudiant%c2%b7e%c2%b7s-en-mobilite-pour-le-semestre-de-printemps-2026\/#primaryimage\"},\"thumbnailUrl\":\"https:\/\/www.he-arc.ch\/wp-content\/uploads\/2026\/01\/20250908_140942.jpg\",\"articleSection\":[\"Non classifi\u00e9(e)\"],\"inLanguage\":\"en-US\"},{\"@type\":\"WebPage\",\"@id\":\"https:\/\/www.he-arc.ch\/en\/actualites\/accueil-des-etudiant%c2%b7e%c2%b7s-en-mobilite-pour-le-semestre-de-printemps-2026\/\",\"url\":\"https:\/\/www.he-arc.ch\/en\/actualites\/accueil-des-etudiant%c2%b7e%c2%b7s-en-mobilite-pour-le-semestre-de-printemps-2026\/\",\"name\":\"Accueil des \u00e9tudiant\u00b7e\u00b7s en mobilit\u00e9 pour le semestre de printemps 2026 - Haute-Ecole Arc\",\"isPartOf\":{\"@id\":\"https:\/\/www.he-arc.ch\/en\/#website\"},\"primaryImageOfPage\":{\"@id\":\"https:\/\/www.he-arc.ch\/en\/actualites\/accueil-des-etudiant%c2%b7e%c2%b7s-en-mobilite-pour-le-semestre-de-printemps-2026\/#primaryimage\"},\"image\":{\"@id\":\"https:\/\/www.he-arc.ch\/en\/actualites\/accueil-des-etudiant%c2%b7e%c2%b7s-en-mobilite-pour-le-semestre-de-printemps-2026\/#primaryimage\"},\"thumbnailUrl\":\"https:\/\/www.he-arc.ch\/wp-content\/uploads\/2026\/01\/20250908_140942.jpg\",\"datePublished\":\"2026-01-22T08:47:08+00:00\",\"dateModified\":\"2026-01-22T08:51:20+00:00\",\"breadcrumb\":{\"@id\":\"https:\/\/www.he-arc.ch\/en\/actualites\/accueil-des-etudiant%c2%b7e%c2%b7s-en-mobilite-pour-le-semestre-de-printemps-2026\/#breadcrumb\"},\"inLanguage\":\"en-US\",\"potentialAction\":[{\"@type\":\"ReadAction\",\"target\":[\"https:\/\/www.he-arc.ch\/en\/actualites\/accueil-des-etudiant%c2%b7e%c2%b7s-en-mobilite-pour-le-semestre-de-printemps-2026\/\"]}]},{\"@type\":\"ImageObject\",\"inLanguage\":\"en-US\",\"@id\":\"https:\/\/www.he-arc.ch\/en\/actualites\/accueil-des-etudiant%c2%b7e%c2%b7s-en-mobilite-pour-le-semestre-de-printemps-2026\/#primaryimage\",\"url\":\"https:\/\/www.he-arc.ch\/wp-content\/uploads\/2026\/01\/20250908_140942.jpg\",\"contentUrl\":\"https:\/\/www.he-arc.ch\/wp-content\/uploads\/2026\/01\/20250908_140942.jpg\",\"width\":2000,\"height\":859},{\"@type\":\"BreadcrumbList\",\"@id\":\"https:\/\/www.he-arc.ch\/en\/actualites\/accueil-des-etudiant%c2%b7e%c2%b7s-en-mobilite-pour-le-semestre-de-printemps-2026\/#breadcrumb\",\"itemListElement\":[{\"@type\":\"ListItem\",\"position\":1,\"name\":\"Accueil\",\"item\":\"https:\/\/www.he-arc.ch\/en\/\"},{\"@type\":\"ListItem\",\"position\":2,\"name\":\"Accueil des \u00e9tudiant\u00b7e\u00b7s en mobilit\u00e9 pour le semestre de printemps 2026\"}]},{\"@type\":\"WebSite\",\"@id\":\"https:\/\/www.he-arc.ch\/en\/#website\",\"url\":\"https:\/\/www.he-arc.ch\/en\/\",\"name\":\"Haute-Ecole Arc\",\"description\":\"Haute \u00e9cole sp\u00e9cialis\u00e9e Suisse. Gestion, Ing\u00e9nierie, Sant\u00e9, Conservation-\u200brestauration.\",\"publisher\":{\"@id\":\"https:\/\/www.he-arc.ch\/en\/#organization\"},\"potentialAction\":[{\"@type\":\"SearchAction\",\"target\":{\"@type\":\"EntryPoint\",\"urlTemplate\":\"https:\/\/www.he-arc.ch\/en\/?s={search_term_string}\"},\"query-input\":{\"@type\":\"PropertyValueSpecification\",\"valueRequired\":true,\"valueName\":\"search_term_string\"}}],\"inLanguage\":\"en-US\"},{\"@type\":\"Organization\",\"@id\":\"https:\/\/www.he-arc.ch\/en\/#organization\",\"name\":\"Haute Ecole Arc\",\"url\":\"https:\/\/www.he-arc.ch\/en\/\",\"logo\":{\"@type\":\"ImageObject\",\"inLanguage\":\"en-US\",\"@id\":\"https:\/\/www.he-arc.ch\/en\/#\/schema\/logo\/image\/\",\"url\":\"https:\/\/www.he-arc.ch\/wp-content\/uploads\/2022\/01\/logo-he-arc.svg\",\"contentUrl\":\"https:\/\/www.he-arc.ch\/wp-content\/uploads\/2022\/01\/logo-he-arc.svg\",\"width\":140,\"height\":42,\"caption\":\"Haute Ecole Arc\"},\"image\":{\"@id\":\"https:\/\/www.he-arc.ch\/en\/#\/schema\/logo\/image\/\"}},{\"@type\":\"Person\",\"@id\":\"https:\/\/www.he-arc.ch\/en\/#\/schema\/person\/d586ae583d094894a534ba918c500816\",\"name\":\"Delphine Vantieghem\",\"image\":{\"@type\":\"ImageObject\",\"inLanguage\":\"en-US\",\"@id\":\"https:\/\/www.he-arc.ch\/en\/#\/schema\/person\/image\/\",\"url\":\"https:\/\/secure.gravatar.com\/avatar\/227667cf037a7da7df85ec3e92cccb7b645aa7e6d6836e9505f0964fe6b70279?s=96&d=mm&r=g\",\"contentUrl\":\"https:\/\/secure.gravatar.com\/avatar\/227667cf037a7da7df85ec3e92cccb7b645aa7e6d6836e9505f0964fe6b70279?s=96&d=mm&r=g\",\"caption\":\"Delphine Vantieghem\"}}]}<\/script>\n<!-- \/ Yoast SEO plugin. -->","yoast_head_json":{"title":"Accueil des \u00e9tudiant\u00b7e\u00b7s en mobilit\u00e9 pour le semestre de printemps 2026 - Haute-Ecole Arc","robots":{"index":"index","follow":"follow","max-snippet":"max-snippet:-1","max-image-preview":"max-image-preview:large","max-video-preview":"max-video-preview:-1"},"canonical":"https:\/\/www.he-arc.ch\/en\/actualites\/accueil-des-etudiant%c2%b7e%c2%b7s-en-mobilite-pour-le-semestre-de-printemps-2026\/","og_locale":"en_US","og_type":"article","og_title":"Accueil des \u00e9tudiant\u00b7e\u00b7s en mobilit\u00e9 pour le semestre de printemps 2026 - Haute-Ecole Arc","og_description":"Au programme : Cette semaine d\u2019int\u00e9gration permettra \u00e0 chacun\u00b7e de se familiariser avec les us et coutumes r\u00e9gionaux et de b\u00e9n\u00e9ficier d\u2019un accompagnement personnalis\u00e9 pour les d\u00e9marches administratives et acad\u00e9miques, afin de d\u00e9buter le semestre dans les meilleures conditions. Pour l\u2019ensemble de l\u2019ann\u00e9e acad\u00e9mique 2025\u20132026, ce sont plus de 60 \u00e9tudiant\u00b7e\u00b7s IN qui auront franchi [&hellip;]","og_url":"https:\/\/www.he-arc.ch\/en\/actualites\/accueil-des-etudiant%c2%b7e%c2%b7s-en-mobilite-pour-le-semestre-de-printemps-2026\/","og_site_name":"Haute-Ecole Arc","article_published_time":"2026-01-22T08:47:08+00:00","article_modified_time":"2026-01-22T08:51:20+00:00","og_image":[{"width":2000,"height":859,"url":"https:\/\/www.he-arc.ch\/wp-content\/uploads\/2026\/01\/20250908_140942.jpg","type":"image\/jpeg"}],"author":"Delphine Vantieghem","twitter_card":"summary_large_image","twitter_misc":{"Written by":"Delphine Vantieghem","Est. reading time":"2 minutes"},"schema":{"@context":"https:\/\/schema.org","@graph":[{"@type":"Article","@id":"https:\/\/www.he-arc.ch\/en\/actualites\/accueil-des-etudiant%c2%b7e%c2%b7s-en-mobilite-pour-le-semestre-de-printemps-2026\/#article","isPartOf":{"@id":"https:\/\/www.he-arc.ch\/en\/actualites\/accueil-des-etudiant%c2%b7e%c2%b7s-en-mobilite-pour-le-semestre-de-printemps-2026\/"},"author":{"name":"Delphine Vantieghem","@id":"https:\/\/www.he-arc.ch\/en\/#\/schema\/person\/d586ae583d094894a534ba918c500816"},"headline":"Accueil des \u00e9tudiant\u00b7e\u00b7s en mobilit\u00e9 pour le semestre de printemps 2026","datePublished":"2026-01-22T08:47:08+00:00","dateModified":"2026-01-22T08:51:20+00:00","mainEntityOfPage":{"@id":"https:\/\/www.he-arc.ch\/en\/actualites\/accueil-des-etudiant%c2%b7e%c2%b7s-en-mobilite-pour-le-semestre-de-printemps-2026\/"},"wordCount":226,"publisher":{"@id":"https:\/\/www.he-arc.ch\/en\/#organization"},"image":{"@id":"https:\/\/www.he-arc.ch\/en\/actualites\/accueil-des-etudiant%c2%b7e%c2%b7s-en-mobilite-pour-le-semestre-de-printemps-2026\/#primaryimage"},"thumbnailUrl":"https:\/\/www.he-arc.ch\/wp-content\/uploads\/2026\/01\/20250908_140942.jpg","articleSection":["Non classifi\u00e9(e)"],"inLanguage":"en-US"},{"@type":"WebPage","@id":"https:\/\/www.he-arc.ch\/en\/actualites\/accueil-des-etudiant%c2%b7e%c2%b7s-en-mobilite-pour-le-semestre-de-printemps-2026\/","url":"https:\/\/www.he-arc.ch\/en\/actualites\/accueil-des-etudiant%c2%b7e%c2%b7s-en-mobilite-pour-le-semestre-de-printemps-2026\/","name":"Accueil des \u00e9tudiant\u00b7e\u00b7s en mobilit\u00e9 pour le semestre de printemps 2026 - Haute-Ecole Arc","isPartOf":{"@id":"https:\/\/www.he-arc.ch\/en\/#website"},"primaryImageOfPage":{"@id":"https:\/\/www.he-arc.ch\/en\/actualites\/accueil-des-etudiant%c2%b7e%c2%b7s-en-mobilite-pour-le-semestre-de-printemps-2026\/#primaryimage"},"image":{"@id":"https:\/\/www.he-arc.ch\/en\/actualites\/accueil-des-etudiant%c2%b7e%c2%b7s-en-mobilite-pour-le-semestre-de-printemps-2026\/#primaryimage"},"thumbnailUrl":"https:\/\/www.he-arc.ch\/wp-content\/uploads\/2026\/01\/20250908_140942.jpg","datePublished":"2026-01-22T08:47:08+00:00","dateModified":"2026-01-22T08:51:20+00:00","breadcrumb":{"@id":"https:\/\/www.he-arc.ch\/en\/actualites\/accueil-des-etudiant%c2%b7e%c2%b7s-en-mobilite-pour-le-semestre-de-printemps-2026\/#breadcrumb"},"inLanguage":"en-US","potentialAction":[{"@type":"ReadAction","target":["https:\/\/www.he-arc.ch\/en\/actualites\/accueil-des-etudiant%c2%b7e%c2%b7s-en-mobilite-pour-le-semestre-de-printemps-2026\/"]}]},{"@type":"ImageObject","inLanguage":"en-US","@id":"https:\/\/www.he-arc.ch\/en\/actualites\/accueil-des-etudiant%c2%b7e%c2%b7s-en-mobilite-pour-le-semestre-de-printemps-2026\/#primaryimage","url":"https:\/\/www.he-arc.ch\/wp-content\/uploads\/2026\/01\/20250908_140942.jpg","contentUrl":"https:\/\/www.he-arc.ch\/wp-content\/uploads\/2026\/01\/20250908_140942.jpg","width":2000,"height":859},{"@type":"BreadcrumbList","@id":"https:\/\/www.he-arc.ch\/en\/actualites\/accueil-des-etudiant%c2%b7e%c2%b7s-en-mobilite-pour-le-semestre-de-printemps-2026\/#breadcrumb","itemListElement":[{"@type":"ListItem","position":1,"name":"Accueil","item":"https:\/\/www.he-arc.ch\/en\/"},{"@type":"ListItem","position":2,"name":"Accueil des \u00e9tudiant\u00b7e\u00b7s en mobilit\u00e9 pour le semestre de printemps 2026"}]},{"@type":"WebSite","@id":"https:\/\/www.he-arc.ch\/en\/#website","url":"https:\/\/www.he-arc.ch\/en\/","name":"Haute-Ecole Arc","description":"Haute \u00e9cole sp\u00e9cialis\u00e9e Suisse. Gestion, Ing\u00e9nierie, Sant\u00e9, Conservation-\u200brestauration.","publisher":{"@id":"https:\/\/www.he-arc.ch\/en\/#organization"},"potentialAction":[{"@type":"SearchAction","target":{"@type":"EntryPoint","urlTemplate":"https:\/\/www.he-arc.ch\/en\/?s={search_term_string}"},"query-input":{"@type":"PropertyValueSpecification","valueRequired":true,"valueName":"search_term_string"}}],"inLanguage":"en-US"},{"@type":"Organization","@id":"https:\/\/www.he-arc.ch\/en\/#organization","name":"Haute Ecole Arc","url":"https:\/\/www.he-arc.ch\/en\/","logo":{"@type":"ImageObject","inLanguage":"en-US","@id":"https:\/\/www.he-arc.ch\/en\/#\/schema\/logo\/image\/","url":"https:\/\/www.he-arc.ch\/wp-content\/uploads\/2022\/01\/logo-he-arc.svg","contentUrl":"https:\/\/www.he-arc.ch\/wp-content\/uploads\/2022\/01\/logo-he-arc.svg","width":140,"height":42,"caption":"Haute Ecole Arc"},"image":{"@id":"https:\/\/www.he-arc.ch\/en\/#\/schema\/logo\/image\/"}},{"@type":"Person","@id":"https:\/\/www.he-arc.ch\/en\/#\/schema\/person\/d586ae583d094894a534ba918c500816","name":"Delphine Vantieghem","image":{"@type":"ImageObject","inLanguage":"en-US","@id":"https:\/\/www.he-arc.ch\/en\/#\/schema\/person\/image\/","url":"https:\/\/secure.gravatar.com\/avatar\/227667cf037a7da7df85ec3e92cccb7b645aa7e6d6836e9505f0964fe6b70279?s=96&d=mm&r=g","contentUrl":"https:\/\/secure.gravatar.com\/avatar\/227667cf037a7da7df85ec3e92cccb7b645aa7e6d6836e9505f0964fe6b70279?s=96&d=mm&r=g","caption":"Delphine Vantieghem"}}]}},"_links":{"self":[{"href":"https:\/\/www.he-arc.ch\/en\/wp-json\/wp\/v2\/posts\/78298","targetHints":{"allow":["GET"]}}],"collection":[{"href":"https:\/\/www.he-arc.ch\/en\/wp-json\/wp\/v2\/posts"}],"about":[{"href":"https:\/\/www.he-arc.ch\/en\/wp-json\/wp\/v2\/types\/post"}],"author":[{"embeddable":true,"href":"https:\/\/www.he-arc.ch\/en\/wp-json\/wp\/v2\/users\/13"}],"replies":[{"embeddable":true,"href":"https:\/\/www.he-arc.ch\/en\/wp-json\/wp\/v2\/comments?post=78298"}],"version-history":[{"count":4,"href":"https:\/\/www.he-arc.ch\/en\/wp-json\/wp\/v2\/posts\/78298\/revisions"}],"predecessor-version":[{"id":78307,"href":"https:\/\/www.he-arc.ch\/en\/wp-json\/wp\/v2\/posts\/78298\/revisions\/78307"}],"wp:featuredmedia":[{"embeddable":true,"href":"https:\/\/www.he-arc.ch\/en\/wp-json\/wp\/v2\/media\/78304"}],"wp:attachment":[{"href":"https:\/\/www.he-arc.ch\/en\/wp-json\/wp\/v2\/media?parent=78298"}],"wp:term":[{"taxonomy":"category","embeddable":true,"href":"https:\/\/www.he-arc.ch\/en\/wp-json\/wp\/v2\/categories?post=78298"},{"taxonomy":"post_tag","embeddable":true,"href":"https:\/\/www.he-arc.ch\/en\/wp-json\/wp\/v2\/tags?post=78298"},{"taxonomy":"he-arc_domain","embeddable":true,"href":"https:\/\/www.he-arc.ch\/en\/wp-json\/wp\/v2\/he-arc_domain?post=78298"}],"curies":[{"name":"wp","href":"https:\/\/api.w.org\/{rel}","templated":true}]}}