{"id":79658,"date":"2026-03-13T12:54:27","date_gmt":"2026-03-13T11:54:27","guid":{"rendered":"https:\/\/www.he-arc.ch\/?p=79658"},"modified":"2026-03-13T12:54:30","modified_gmt":"2026-03-13T11:54:30","slug":"salon-interjurassien-formation-2026","status":"publish","type":"post","link":"https:\/\/www.he-arc.ch\/en\/actualites\/salon-interjurassien-formation-2026\/","title":{"rendered":"Salon interjurassien de la formation 2026"},"content":{"rendered":"\n<h3 class=\"wp-block-heading\">La sant\u00e9 au coeur du Salon interjurassien de la formation<\/h3>\n\n\n\n<p>Du 4 au 8 mars, la HE-Arc Sant\u00e9 a eu le plaisir de participer au Salon interjurassien de la formation \u00e0 Moutier. Huit professions de la sant\u00e9 et du social y \u00e9taient repr\u00e9sent\u00e9es.<\/p>\n\n\n\n<p>Pendant cinq jours, nous avons eu la chance d\u2019\u00e9changer avec de nombreux visiteurs et visiteuses venus d\u00e9couvrir nos formations, poser leurs questions et tester les activit\u00e9s propos\u00e9es sur notre stand.<\/p>\n\n\n\n<p>Divers ateliers \u00e9taient organis\u00e9s, notamment sur :<\/p>\n\n\n\n<ul class=\"wp-block-list\">\n<li>la sensibilisation au vieillissement,<\/li>\n<\/ul>\n\n\n\n<ul class=\"wp-block-list\">\n<li>les pathologies comme Parkinson<\/li>\n<\/ul>\n\n\n\n<ul class=\"wp-block-list\">\n<li>l&#8217;examen clinique d&#8217;un patient<\/li>\n<\/ul>\n\n\n\n<ul class=\"wp-block-list\">\n<li>un parcours de r\u00e9\u00e9ducation en physioth\u00e9rapie.<\/li>\n<\/ul>\n\n\n\n<p>Ces activit\u00e9s ont permis de faire d\u00e9couvrir nos formations du <strong>Bachelor of Science HES-SO en <a href=\"https:\/\/www.he-arc.ch\/health\/bachelor-en\/bachelor-en-soins-infirmiers\/\">Soins infirmiers<\/a> et en <a href=\"https:\/\/www.he-arc.ch\/health\/bachelor-en\/bachelor-en-physiotherapie\/\">Physioth\u00e9rapie<\/a><\/strong>, mais aussi l&#8217;<strong><a href=\"https:\/\/www.he-arc.ch\/health\/bachelor-en\/annee-propedeutique-sante\/\">ann\u00e9e prop\u00e9deutique Sant\u00e9 (APS)<\/a><\/strong>, aux \u00e9l\u00e8ves de nombreuses \u00e9coles de la r\u00e9gion.<\/p>\n\n\n\n<p>Nos \u00e9tudiant-e-s volontaires ont partag\u00e9 leur exp\u00e9rience avec enthousiasme. Des membres du personnel \u00e9taient \u00e9galement pr\u00e9sents tout au long de l\u2019\u00e9v\u00e9nement pour accueillir, expliquer et accompagner les visiteurs et visiteuses.<\/p>\n\n\n\n<p>Ces moments de rencontre sont pr\u00e9cieux pour faire d\u00e9couvrir nos m\u00e9tiers et renforcer les liens avec les jeunes et le public de la r\u00e9gion.<\/p>\n\n\n\n<p><strong>Nous nous r\u00e9jouissons de vous retrouver lors de la prochaine \u00e9dition, en 2028 !<\/strong><\/p>\n\n\n\n<p>Pour plus d&#8217;informations, rendez-vous sur le site du <a href=\"https:\/\/www.salon-formation.ch\/\">Salon interjurassien de la formation<\/a>.<\/p>\n\n\n\n<div id='gallery-1' class='gallery galleryid-79658 gallery-columns-3 gallery-size-thumbnail'><figure class='gallery-item'>\n\t\t\t<div class='gallery-icon landscape'>\n\t\t\t\t<a href='https:\/\/www.he-arc.ch\/en\/salon-interjurassien-moutier-1-2\/'><img decoding=\"async\" width=\"150\" height=\"150\" src=\"https:\/\/www.he-arc.ch\/wp-content\/uploads\/2026\/03\/Salon-Interjurassien-Moutier-1-150x150.jpg\" class=\"attachment-thumbnail size-thumbnail\" alt=\"\" \/><\/a>\n\t\t\t<\/div><\/figure><figure class='gallery-item'>\n\t\t\t<div class='gallery-icon landscape'>\n\t\t\t\t<a href='https:\/\/www.he-arc.ch\/en\/salon-interjurassien-moutier-2-2\/'><img decoding=\"async\" width=\"150\" height=\"150\" src=\"https:\/\/www.he-arc.ch\/wp-content\/uploads\/2026\/03\/Salon-Interjurassien-Moutier-2-150x150.jpg\" class=\"attachment-thumbnail size-thumbnail\" alt=\"\" \/><\/a>\n\t\t\t<\/div><\/figure><figure class='gallery-item'>\n\t\t\t<div class='gallery-icon landscape'>\n\t\t\t\t<a href='https:\/\/www.he-arc.ch\/en\/salon-interjurassien-moutier-3-2\/'><img decoding=\"async\" width=\"150\" height=\"150\" src=\"https:\/\/www.he-arc.ch\/wp-content\/uploads\/2026\/03\/Salon-Interjurassien-Moutier-3-150x150.jpg\" class=\"attachment-thumbnail size-thumbnail\" alt=\"\" \/><\/a>\n\t\t\t<\/div><\/figure><figure class='gallery-item'>\n\t\t\t<div class='gallery-icon landscape'>\n\t\t\t\t<a href='https:\/\/www.he-arc.ch\/en\/salon-interjurassien-moutier-4-2\/'><img decoding=\"async\" width=\"150\" height=\"150\" src=\"https:\/\/www.he-arc.ch\/wp-content\/uploads\/2026\/03\/Salon-Interjurassien-Moutier-4-150x150.jpg\" class=\"attachment-thumbnail size-thumbnail\" alt=\"\" \/><\/a>\n\t\t\t<\/div><\/figure><figure class='gallery-item'>\n\t\t\t<div class='gallery-icon landscape'>\n\t\t\t\t<a href='https:\/\/www.he-arc.ch\/en\/salon-interjurassien-moutier-5-2\/'><img decoding=\"async\" width=\"150\" height=\"150\" src=\"https:\/\/www.he-arc.ch\/wp-content\/uploads\/2026\/03\/Salon-Interjurassien-Moutier-5-150x150.jpg\" class=\"attachment-thumbnail size-thumbnail\" alt=\"\" \/><\/a>\n\t\t\t<\/div><\/figure><figure class='gallery-item'>\n\t\t\t<div class='gallery-icon portrait'>\n\t\t\t\t<a href='https:\/\/www.he-arc.ch\/en\/salon-interjurassien-moutier-6-2\/'><img decoding=\"async\" width=\"150\" height=\"150\" src=\"https:\/\/www.he-arc.ch\/wp-content\/uploads\/2026\/03\/Salon-Interjurassien-Moutier-6-150x150.jpg\" class=\"attachment-thumbnail size-thumbnail\" alt=\"\" \/><\/a>\n\t\t\t<\/div><\/figure><figure class='gallery-item'>\n\t\t\t<div class='gallery-icon landscape'>\n\t\t\t\t<a href='https:\/\/www.he-arc.ch\/en\/salon-interjurassien-moutier-7-2\/'><img decoding=\"async\" width=\"150\" height=\"150\" src=\"https:\/\/www.he-arc.ch\/wp-content\/uploads\/2026\/03\/Salon-Interjurassien-Moutier-7-150x150.jpg\" class=\"attachment-thumbnail size-thumbnail\" alt=\"\" \/><\/a>\n\t\t\t<\/div><\/figure><figure class='gallery-item'>\n\t\t\t<div class='gallery-icon portrait'>\n\t\t\t\t<a href='https:\/\/www.he-arc.ch\/en\/salon-interjurassien-moutier-8-2\/'><img decoding=\"async\" width=\"150\" height=\"150\" src=\"https:\/\/www.he-arc.ch\/wp-content\/uploads\/2026\/03\/Salon-Interjurassien-Moutier-8-150x150.jpg\" class=\"attachment-thumbnail size-thumbnail\" alt=\"\" \/><\/a>\n\t\t\t<\/div><\/figure><figure class='gallery-item'>\n\t\t\t<div class='gallery-icon landscape'>\n\t\t\t\t<a href='https:\/\/www.he-arc.ch\/en\/salon-interjurassien-moutier-9-2\/'><img decoding=\"async\" width=\"150\" height=\"150\" src=\"https:\/\/www.he-arc.ch\/wp-content\/uploads\/2026\/03\/Salon-Interjurassien-Moutier-9-150x150.jpg\" class=\"attachment-thumbnail size-thumbnail\" alt=\"\" \/><\/a>\n\t\t\t<\/div><\/figure><figure class='gallery-item'>\n\t\t\t<div class='gallery-icon landscape'>\n\t\t\t\t<a href='https:\/\/www.he-arc.ch\/en\/salon-interjurassien-moutier-10-2\/'><img decoding=\"async\" width=\"150\" height=\"150\" src=\"https:\/\/www.he-arc.ch\/wp-content\/uploads\/2026\/03\/Salon-Interjurassien-Moutier-10-150x150.jpg\" class=\"attachment-thumbnail size-thumbnail\" alt=\"\" \/><\/a>\n\t\t\t<\/div><\/figure><figure class='gallery-item'>\n\t\t\t<div class='gallery-icon landscape'>\n\t\t\t\t<a href='https:\/\/www.he-arc.ch\/en\/salon-interjurassien-moutier-11-2\/'><img decoding=\"async\" width=\"150\" height=\"150\" src=\"https:\/\/www.he-arc.ch\/wp-content\/uploads\/2026\/03\/Salon-Interjurassien-Moutier-11-150x150.jpg\" class=\"attachment-thumbnail size-thumbnail\" alt=\"\" \/><\/a>\n\t\t\t<\/div><\/figure><figure class='gallery-item'>\n\t\t\t<div class='gallery-icon landscape'>\n\t\t\t\t<a href='https:\/\/www.he-arc.ch\/en\/salon-interjurassien-moutier-12-2\/'><img decoding=\"async\" width=\"150\" height=\"150\" src=\"https:\/\/www.he-arc.ch\/wp-content\/uploads\/2026\/03\/Salon-Interjurassien-Moutier-12-150x150.jpg\" class=\"attachment-thumbnail size-thumbnail\" alt=\"\" \/><\/a>\n\t\t\t<\/div><\/figure><figure class='gallery-item'>\n\t\t\t<div class='gallery-icon portrait'>\n\t\t\t\t<a href='https:\/\/www.he-arc.ch\/en\/salon-interjurassien-moutier-13-2\/'><img decoding=\"async\" width=\"150\" height=\"150\" src=\"https:\/\/www.he-arc.ch\/wp-content\/uploads\/2026\/03\/Salon-Interjurassien-Moutier-13-150x150.jpg\" class=\"attachment-thumbnail size-thumbnail\" alt=\"\" \/><\/a>\n\t\t\t<\/div><\/figure><figure class='gallery-item'>\n\t\t\t<div class='gallery-icon landscape'>\n\t\t\t\t<a href='https:\/\/www.he-arc.ch\/en\/salon-interjurassien-moutier-14-2\/'><img decoding=\"async\" width=\"150\" height=\"150\" src=\"https:\/\/www.he-arc.ch\/wp-content\/uploads\/2026\/03\/Salon-Interjurassien-Moutier-14-150x150.jpg\" class=\"attachment-thumbnail size-thumbnail\" alt=\"\" \/><\/a>\n\t\t\t<\/div><\/figure><figure class='gallery-item'>\n\t\t\t<div class='gallery-icon landscape'>\n\t\t\t\t<a href='https:\/\/www.he-arc.ch\/en\/salon-interjurassien-moutier-15-2\/'><img decoding=\"async\" width=\"150\" height=\"150\" src=\"https:\/\/www.he-arc.ch\/wp-content\/uploads\/2026\/03\/Salon-Interjurassien-Moutier-15-150x150.jpg\" class=\"attachment-thumbnail size-thumbnail\" alt=\"\" \/><\/a>\n\t\t\t<\/div><\/figure><figure class='gallery-item'>\n\t\t\t<div class='gallery-icon portrait'>\n\t\t\t\t<a href='https:\/\/www.he-arc.ch\/en\/salon-interjurassien-moutier-16-2\/'><img decoding=\"async\" width=\"150\" height=\"150\" src=\"https:\/\/www.he-arc.ch\/wp-content\/uploads\/2026\/03\/Salon-Interjurassien-Moutier-16-150x150.jpg\" class=\"attachment-thumbnail size-thumbnail\" alt=\"\" \/><\/a>\n\t\t\t<\/div><\/figure><figure class='gallery-item'>\n\t\t\t<div class='gallery-icon landscape'>\n\t\t\t\t<a href='https:\/\/www.he-arc.ch\/en\/salon-interjurassien-moutier-17-2\/'><img decoding=\"async\" width=\"150\" height=\"150\" src=\"https:\/\/www.he-arc.ch\/wp-content\/uploads\/2026\/03\/Salon-Interjurassien-Moutier-17-150x150.jpg\" class=\"attachment-thumbnail size-thumbnail\" alt=\"\" \/><\/a>\n\t\t\t<\/div><\/figure><figure class='gallery-item'>\n\t\t\t<div class='gallery-icon portrait'>\n\t\t\t\t<a href='https:\/\/www.he-arc.ch\/en\/salon-interjurassien-moutier-18-2\/'><img decoding=\"async\" width=\"150\" height=\"150\" src=\"https:\/\/www.he-arc.ch\/wp-content\/uploads\/2026\/03\/Salon-Interjurassien-Moutier-18-150x150.jpg\" class=\"attachment-thumbnail size-thumbnail\" alt=\"\" \/><\/a>\n\t\t\t<\/div><\/figure><figure class='gallery-item'>\n\t\t\t<div class='gallery-icon portrait'>\n\t\t\t\t<a href='https:\/\/www.he-arc.ch\/en\/salon-interjurassien-moutier-19-2\/'><img decoding=\"async\" width=\"150\" height=\"150\" src=\"https:\/\/www.he-arc.ch\/wp-content\/uploads\/2026\/03\/Salon-Interjurassien-Moutier-19-150x150.jpg\" class=\"attachment-thumbnail size-thumbnail\" alt=\"\" \/><\/a>\n\t\t\t<\/div><\/figure>\n\t\t<\/div>\n\n","protected":false},"excerpt":{"rendered":"<p>La sant\u00e9 au coeur du Salon interjurassien de la formation Du 4 au 8 mars, la HE-Arc Sant\u00e9 a eu le plaisir de participer au Salon interjurassien de la formation \u00e0 Moutier. Huit professions de la sant\u00e9 et du social y \u00e9taient repr\u00e9sent\u00e9es. Pendant cinq jours, nous avons eu la chance d\u2019\u00e9changer avec de nombreux [&hellip;]<\/p>\n","protected":false},"author":59,"featured_media":79659,"comment_status":"closed","ping_status":"open","sticky":false,"template":"","format":"standard","meta":{"_acf_changed":false,"footnotes":""},"categories":[19],"tags":[],"he-arc_domain":[4],"class_list":["post-79658","post","type-post","status-publish","format-standard","has-post-thumbnail","hentry","category-news","he-arc_domain-sante"],"acf":[],"yoast_head":"<!-- This site is optimized with the Yoast SEO plugin v26.6 - https:\/\/yoast.com\/wordpress\/plugins\/seo\/ -->\n<title>Salon interjurassien de la formation 2026 - Haute-Ecole Arc<\/title>\n<meta name=\"description\" content=\"Du 4 au 8 mars, la HE-Arc Sant\u00e9 a eu le plaisir de participer au Salon interjurassien de la formation, qui s\u2019est tenu \u00e0 Moutier.\" \/>\n<meta name=\"robots\" content=\"index, follow, max-snippet:-1, max-image-preview:large, max-video-preview:-1\" \/>\n<link rel=\"canonical\" href=\"https:\/\/www.he-arc.ch\/en\/actualites\/salon-interjurassien-formation-2026\/\" \/>\n<meta property=\"og:locale\" content=\"en_US\" \/>\n<meta property=\"og:type\" content=\"article\" \/>\n<meta property=\"og:title\" content=\"Salon interjurassien de la formation 2026 - Haute-Ecole Arc\" \/>\n<meta property=\"og:description\" content=\"Du 4 au 8 mars, la HE-Arc Sant\u00e9 a eu le plaisir de participer au Salon interjurassien de la formation, qui s\u2019est tenu \u00e0 Moutier.\" \/>\n<meta property=\"og:url\" content=\"https:\/\/www.he-arc.ch\/en\/actualites\/salon-interjurassien-formation-2026\/\" \/>\n<meta property=\"og:site_name\" content=\"Haute-Ecole Arc\" \/>\n<meta property=\"article:published_time\" content=\"2026-03-13T11:54:27+00:00\" \/>\n<meta property=\"article:modified_time\" content=\"2026-03-13T11:54:30+00:00\" \/>\n<meta property=\"og:image\" content=\"https:\/\/www.he-arc.ch\/wp-content\/uploads\/2026\/03\/Salon-Interjurassien-Moutier-HE-Arc-Sante-2026-scaled.jpg\" \/>\n\t<meta property=\"og:image:width\" content=\"2560\" \/>\n\t<meta property=\"og:image:height\" content=\"1707\" \/>\n\t<meta property=\"og:image:type\" content=\"image\/jpeg\" \/>\n<meta name=\"author\" content=\"Elo\u00efse Theurillat\" \/>\n<meta name=\"twitter:card\" content=\"summary_large_image\" \/>\n<meta name=\"twitter:label1\" content=\"Written by\" \/>\n\t<meta name=\"twitter:data1\" content=\"Elo\u00efse Theurillat\" \/>\n\t<meta name=\"twitter:label2\" content=\"Est. reading time\" \/>\n\t<meta name=\"twitter:data2\" content=\"2 minutes\" \/>\n<script type=\"application\/ld+json\" class=\"yoast-schema-graph\">{\"@context\":\"https:\/\/schema.org\",\"@graph\":[{\"@type\":\"Article\",\"@id\":\"https:\/\/www.he-arc.ch\/en\/actualites\/salon-interjurassien-formation-2026\/#article\",\"isPartOf\":{\"@id\":\"https:\/\/www.he-arc.ch\/en\/actualites\/salon-interjurassien-formation-2026\/\"},\"author\":{\"name\":\"Elo\u00efse Theurillat\",\"@id\":\"https:\/\/www.he-arc.ch\/en\/#\/schema\/person\/64a6225f0e02dffa819da7504ee9de9f\"},\"headline\":\"Salon interjurassien de la formation 2026\",\"datePublished\":\"2026-03-13T11:54:27+00:00\",\"dateModified\":\"2026-03-13T11:54:30+00:00\",\"mainEntityOfPage\":{\"@id\":\"https:\/\/www.he-arc.ch\/en\/actualites\/salon-interjurassien-formation-2026\/\"},\"wordCount\":245,\"publisher\":{\"@id\":\"https:\/\/www.he-arc.ch\/en\/#organization\"},\"image\":{\"@id\":\"https:\/\/www.he-arc.ch\/en\/actualites\/salon-interjurassien-formation-2026\/#primaryimage\"},\"thumbnailUrl\":\"https:\/\/www.he-arc.ch\/wp-content\/uploads\/2026\/03\/Salon-Interjurassien-Moutier-HE-Arc-Sante-2026-scaled.jpg\",\"articleSection\":[\"News\"],\"inLanguage\":\"en-US\"},{\"@type\":\"WebPage\",\"@id\":\"https:\/\/www.he-arc.ch\/en\/actualites\/salon-interjurassien-formation-2026\/\",\"url\":\"https:\/\/www.he-arc.ch\/en\/actualites\/salon-interjurassien-formation-2026\/\",\"name\":\"Salon interjurassien de la formation 2026 - Haute-Ecole Arc\",\"isPartOf\":{\"@id\":\"https:\/\/www.he-arc.ch\/en\/#website\"},\"primaryImageOfPage\":{\"@id\":\"https:\/\/www.he-arc.ch\/en\/actualites\/salon-interjurassien-formation-2026\/#primaryimage\"},\"image\":{\"@id\":\"https:\/\/www.he-arc.ch\/en\/actualites\/salon-interjurassien-formation-2026\/#primaryimage\"},\"thumbnailUrl\":\"https:\/\/www.he-arc.ch\/wp-content\/uploads\/2026\/03\/Salon-Interjurassien-Moutier-HE-Arc-Sante-2026-scaled.jpg\",\"datePublished\":\"2026-03-13T11:54:27+00:00\",\"dateModified\":\"2026-03-13T11:54:30+00:00\",\"description\":\"Du 4 au 8 mars, la HE-Arc Sant\u00e9 a eu le plaisir de participer au Salon interjurassien de la formation, qui s\u2019est tenu \u00e0 Moutier.\",\"breadcrumb\":{\"@id\":\"https:\/\/www.he-arc.ch\/en\/actualites\/salon-interjurassien-formation-2026\/#breadcrumb\"},\"inLanguage\":\"en-US\",\"potentialAction\":[{\"@type\":\"ReadAction\",\"target\":[\"https:\/\/www.he-arc.ch\/en\/actualites\/salon-interjurassien-formation-2026\/\"]}]},{\"@type\":\"ImageObject\",\"inLanguage\":\"en-US\",\"@id\":\"https:\/\/www.he-arc.ch\/en\/actualites\/salon-interjurassien-formation-2026\/#primaryimage\",\"url\":\"https:\/\/www.he-arc.ch\/wp-content\/uploads\/2026\/03\/Salon-Interjurassien-Moutier-HE-Arc-Sante-2026-scaled.jpg\",\"contentUrl\":\"https:\/\/www.he-arc.ch\/wp-content\/uploads\/2026\/03\/Salon-Interjurassien-Moutier-HE-Arc-Sante-2026-scaled.jpg\",\"width\":2560,\"height\":1707,\"caption\":\"Stand HE-Arc Sant\u00e9 au Salon interjurassien de la formation\"},{\"@type\":\"BreadcrumbList\",\"@id\":\"https:\/\/www.he-arc.ch\/en\/actualites\/salon-interjurassien-formation-2026\/#breadcrumb\",\"itemListElement\":[{\"@type\":\"ListItem\",\"position\":1,\"name\":\"Accueil\",\"item\":\"https:\/\/www.he-arc.ch\/en\/\"},{\"@type\":\"ListItem\",\"position\":2,\"name\":\"Salon interjurassien de la formation 2026\"}]},{\"@type\":\"WebSite\",\"@id\":\"https:\/\/www.he-arc.ch\/en\/#website\",\"url\":\"https:\/\/www.he-arc.ch\/en\/\",\"name\":\"Haute-Ecole Arc\",\"description\":\"Haute \u00e9cole sp\u00e9cialis\u00e9e Suisse. Gestion, Ing\u00e9nierie, Sant\u00e9, Conservation-\u200brestauration.\",\"publisher\":{\"@id\":\"https:\/\/www.he-arc.ch\/en\/#organization\"},\"potentialAction\":[{\"@type\":\"SearchAction\",\"target\":{\"@type\":\"EntryPoint\",\"urlTemplate\":\"https:\/\/www.he-arc.ch\/en\/?s={search_term_string}\"},\"query-input\":{\"@type\":\"PropertyValueSpecification\",\"valueRequired\":true,\"valueName\":\"search_term_string\"}}],\"inLanguage\":\"en-US\"},{\"@type\":\"Organization\",\"@id\":\"https:\/\/www.he-arc.ch\/en\/#organization\",\"name\":\"Haute Ecole Arc\",\"url\":\"https:\/\/www.he-arc.ch\/en\/\",\"logo\":{\"@type\":\"ImageObject\",\"inLanguage\":\"en-US\",\"@id\":\"https:\/\/www.he-arc.ch\/en\/#\/schema\/logo\/image\/\",\"url\":\"https:\/\/www.he-arc.ch\/wp-content\/uploads\/2022\/01\/logo-he-arc.svg\",\"contentUrl\":\"https:\/\/www.he-arc.ch\/wp-content\/uploads\/2022\/01\/logo-he-arc.svg\",\"width\":140,\"height\":42,\"caption\":\"Haute Ecole Arc\"},\"image\":{\"@id\":\"https:\/\/www.he-arc.ch\/en\/#\/schema\/logo\/image\/\"}},{\"@type\":\"Person\",\"@id\":\"https:\/\/www.he-arc.ch\/en\/#\/schema\/person\/64a6225f0e02dffa819da7504ee9de9f\",\"name\":\"Elo\u00efse Theurillat\",\"image\":{\"@type\":\"ImageObject\",\"inLanguage\":\"en-US\",\"@id\":\"https:\/\/www.he-arc.ch\/en\/#\/schema\/person\/image\/\",\"url\":\"https:\/\/secure.gravatar.com\/avatar\/74ae91a3ef46750a3a8eed3255f4b2b201204c68c6324895ee1385c3a942b05e?s=96&d=mm&r=g\",\"contentUrl\":\"https:\/\/secure.gravatar.com\/avatar\/74ae91a3ef46750a3a8eed3255f4b2b201204c68c6324895ee1385c3a942b05e?s=96&d=mm&r=g\",\"caption\":\"Elo\u00efse Theurillat\"}}]}<\/script>\n<!-- \/ Yoast SEO plugin. -->","yoast_head_json":{"title":"Salon interjurassien de la formation 2026 - Haute-Ecole Arc","description":"Du 4 au 8 mars, la HE-Arc Sant\u00e9 a eu le plaisir de participer au Salon interjurassien de la formation, qui s\u2019est tenu \u00e0 Moutier.","robots":{"index":"index","follow":"follow","max-snippet":"max-snippet:-1","max-image-preview":"max-image-preview:large","max-video-preview":"max-video-preview:-1"},"canonical":"https:\/\/www.he-arc.ch\/en\/actualites\/salon-interjurassien-formation-2026\/","og_locale":"en_US","og_type":"article","og_title":"Salon interjurassien de la formation 2026 - Haute-Ecole Arc","og_description":"Du 4 au 8 mars, la HE-Arc Sant\u00e9 a eu le plaisir de participer au Salon interjurassien de la formation, qui s\u2019est tenu \u00e0 Moutier.","og_url":"https:\/\/www.he-arc.ch\/en\/actualites\/salon-interjurassien-formation-2026\/","og_site_name":"Haute-Ecole Arc","article_published_time":"2026-03-13T11:54:27+00:00","article_modified_time":"2026-03-13T11:54:30+00:00","og_image":[{"width":2560,"height":1707,"url":"https:\/\/www.he-arc.ch\/wp-content\/uploads\/2026\/03\/Salon-Interjurassien-Moutier-HE-Arc-Sante-2026-scaled.jpg","type":"image\/jpeg"}],"author":"Elo\u00efse Theurillat","twitter_card":"summary_large_image","twitter_misc":{"Written by":"Elo\u00efse Theurillat","Est. reading time":"2 minutes"},"schema":{"@context":"https:\/\/schema.org","@graph":[{"@type":"Article","@id":"https:\/\/www.he-arc.ch\/en\/actualites\/salon-interjurassien-formation-2026\/#article","isPartOf":{"@id":"https:\/\/www.he-arc.ch\/en\/actualites\/salon-interjurassien-formation-2026\/"},"author":{"name":"Elo\u00efse Theurillat","@id":"https:\/\/www.he-arc.ch\/en\/#\/schema\/person\/64a6225f0e02dffa819da7504ee9de9f"},"headline":"Salon interjurassien de la formation 2026","datePublished":"2026-03-13T11:54:27+00:00","dateModified":"2026-03-13T11:54:30+00:00","mainEntityOfPage":{"@id":"https:\/\/www.he-arc.ch\/en\/actualites\/salon-interjurassien-formation-2026\/"},"wordCount":245,"publisher":{"@id":"https:\/\/www.he-arc.ch\/en\/#organization"},"image":{"@id":"https:\/\/www.he-arc.ch\/en\/actualites\/salon-interjurassien-formation-2026\/#primaryimage"},"thumbnailUrl":"https:\/\/www.he-arc.ch\/wp-content\/uploads\/2026\/03\/Salon-Interjurassien-Moutier-HE-Arc-Sante-2026-scaled.jpg","articleSection":["News"],"inLanguage":"en-US"},{"@type":"WebPage","@id":"https:\/\/www.he-arc.ch\/en\/actualites\/salon-interjurassien-formation-2026\/","url":"https:\/\/www.he-arc.ch\/en\/actualites\/salon-interjurassien-formation-2026\/","name":"Salon interjurassien de la formation 2026 - Haute-Ecole Arc","isPartOf":{"@id":"https:\/\/www.he-arc.ch\/en\/#website"},"primaryImageOfPage":{"@id":"https:\/\/www.he-arc.ch\/en\/actualites\/salon-interjurassien-formation-2026\/#primaryimage"},"image":{"@id":"https:\/\/www.he-arc.ch\/en\/actualites\/salon-interjurassien-formation-2026\/#primaryimage"},"thumbnailUrl":"https:\/\/www.he-arc.ch\/wp-content\/uploads\/2026\/03\/Salon-Interjurassien-Moutier-HE-Arc-Sante-2026-scaled.jpg","datePublished":"2026-03-13T11:54:27+00:00","dateModified":"2026-03-13T11:54:30+00:00","description":"Du 4 au 8 mars, la HE-Arc Sant\u00e9 a eu le plaisir de participer au Salon interjurassien de la formation, qui s\u2019est tenu \u00e0 Moutier.","breadcrumb":{"@id":"https:\/\/www.he-arc.ch\/en\/actualites\/salon-interjurassien-formation-2026\/#breadcrumb"},"inLanguage":"en-US","potentialAction":[{"@type":"ReadAction","target":["https:\/\/www.he-arc.ch\/en\/actualites\/salon-interjurassien-formation-2026\/"]}]},{"@type":"ImageObject","inLanguage":"en-US","@id":"https:\/\/www.he-arc.ch\/en\/actualites\/salon-interjurassien-formation-2026\/#primaryimage","url":"https:\/\/www.he-arc.ch\/wp-content\/uploads\/2026\/03\/Salon-Interjurassien-Moutier-HE-Arc-Sante-2026-scaled.jpg","contentUrl":"https:\/\/www.he-arc.ch\/wp-content\/uploads\/2026\/03\/Salon-Interjurassien-Moutier-HE-Arc-Sante-2026-scaled.jpg","width":2560,"height":1707,"caption":"Stand HE-Arc Sant\u00e9 au Salon interjurassien de la formation"},{"@type":"BreadcrumbList","@id":"https:\/\/www.he-arc.ch\/en\/actualites\/salon-interjurassien-formation-2026\/#breadcrumb","itemListElement":[{"@type":"ListItem","position":1,"name":"Accueil","item":"https:\/\/www.he-arc.ch\/en\/"},{"@type":"ListItem","position":2,"name":"Salon interjurassien de la formation 2026"}]},{"@type":"WebSite","@id":"https:\/\/www.he-arc.ch\/en\/#website","url":"https:\/\/www.he-arc.ch\/en\/","name":"Haute-Ecole Arc","description":"Haute \u00e9cole sp\u00e9cialis\u00e9e Suisse. Gestion, Ing\u00e9nierie, Sant\u00e9, Conservation-\u200brestauration.","publisher":{"@id":"https:\/\/www.he-arc.ch\/en\/#organization"},"potentialAction":[{"@type":"SearchAction","target":{"@type":"EntryPoint","urlTemplate":"https:\/\/www.he-arc.ch\/en\/?s={search_term_string}"},"query-input":{"@type":"PropertyValueSpecification","valueRequired":true,"valueName":"search_term_string"}}],"inLanguage":"en-US"},{"@type":"Organization","@id":"https:\/\/www.he-arc.ch\/en\/#organization","name":"Haute Ecole Arc","url":"https:\/\/www.he-arc.ch\/en\/","logo":{"@type":"ImageObject","inLanguage":"en-US","@id":"https:\/\/www.he-arc.ch\/en\/#\/schema\/logo\/image\/","url":"https:\/\/www.he-arc.ch\/wp-content\/uploads\/2022\/01\/logo-he-arc.svg","contentUrl":"https:\/\/www.he-arc.ch\/wp-content\/uploads\/2022\/01\/logo-he-arc.svg","width":140,"height":42,"caption":"Haute Ecole Arc"},"image":{"@id":"https:\/\/www.he-arc.ch\/en\/#\/schema\/logo\/image\/"}},{"@type":"Person","@id":"https:\/\/www.he-arc.ch\/en\/#\/schema\/person\/64a6225f0e02dffa819da7504ee9de9f","name":"Elo\u00efse Theurillat","image":{"@type":"ImageObject","inLanguage":"en-US","@id":"https:\/\/www.he-arc.ch\/en\/#\/schema\/person\/image\/","url":"https:\/\/secure.gravatar.com\/avatar\/74ae91a3ef46750a3a8eed3255f4b2b201204c68c6324895ee1385c3a942b05e?s=96&d=mm&r=g","contentUrl":"https:\/\/secure.gravatar.com\/avatar\/74ae91a3ef46750a3a8eed3255f4b2b201204c68c6324895ee1385c3a942b05e?s=96&d=mm&r=g","caption":"Elo\u00efse Theurillat"}}]}},"_links":{"self":[{"href":"https:\/\/www.he-arc.ch\/en\/wp-json\/wp\/v2\/posts\/79658","targetHints":{"allow":["GET"]}}],"collection":[{"href":"https:\/\/www.he-arc.ch\/en\/wp-json\/wp\/v2\/posts"}],"about":[{"href":"https:\/\/www.he-arc.ch\/en\/wp-json\/wp\/v2\/types\/post"}],"author":[{"embeddable":true,"href":"https:\/\/www.he-arc.ch\/en\/wp-json\/wp\/v2\/users\/59"}],"replies":[{"embeddable":true,"href":"https:\/\/www.he-arc.ch\/en\/wp-json\/wp\/v2\/comments?post=79658"}],"version-history":[{"count":18,"href":"https:\/\/www.he-arc.ch\/en\/wp-json\/wp\/v2\/posts\/79658\/revisions"}],"predecessor-version":[{"id":80028,"href":"https:\/\/www.he-arc.ch\/en\/wp-json\/wp\/v2\/posts\/79658\/revisions\/80028"}],"wp:featuredmedia":[{"embeddable":true,"href":"https:\/\/www.he-arc.ch\/en\/wp-json\/wp\/v2\/media\/79659"}],"wp:attachment":[{"href":"https:\/\/www.he-arc.ch\/en\/wp-json\/wp\/v2\/media?parent=79658"}],"wp:term":[{"taxonomy":"category","embeddable":true,"href":"https:\/\/www.he-arc.ch\/en\/wp-json\/wp\/v2\/categories?post=79658"},{"taxonomy":"post_tag","embeddable":true,"href":"https:\/\/www.he-arc.ch\/en\/wp-json\/wp\/v2\/tags?post=79658"},{"taxonomy":"he-arc_domain","embeddable":true,"href":"https:\/\/www.he-arc.ch\/en\/wp-json\/wp\/v2\/he-arc_domain?post=79658"}],"curies":[{"name":"wp","href":"https:\/\/api.w.org\/{rel}","templated":true}]}}