{"id":80036,"date":"2026-03-11T16:21:50","date_gmt":"2026-03-11T15:21:50","guid":{"rendered":"https:\/\/www.he-arc.ch\/?p=80036"},"modified":"2026-03-12T16:30:50","modified_gmt":"2026-03-12T15:30:50","slug":"entretien-avec-le-procureur-general-de-la-confederation-monsieur-stefan-blattler","status":"publish","type":"post","link":"https:\/\/www.he-arc.ch\/en\/actualites\/entretien-avec-le-procureur-general-de-la-confederation-monsieur-stefan-blattler\/","title":{"rendered":"Entretien avec le Procureur g\u00e9n\u00e9ral de la Conf\u00e9d\u00e9ration, Monsieur Stefan Bl\u00e4ttler"},"content":{"rendered":"\n<p><strong>Vendredi 20 f\u00e9vrier 2026, l\u2019<a href=\"https:\/\/www.he-arc.ch\/gestion-en\/institut-de-lutte-contre-la-criminalite-economique-ilce\/\" target=\"_blank\" rel=\"noreferrer noopener\">Institut de Lutte contre la criminalit\u00e9 \u00e9conomique (ILCE)<\/a> de la Haute \u00e9cole de gestion Arc organisait une conf\u00e9rence intitul\u00e9e \u00ab Journ\u00e9e du droit p\u00e9nal \u00e9conomique 2026 : 25 ans de lutte contre le blanchiment d\u2019argent \u00bb, \u00e0 l\u2019occasion de son 25\u1d49 anniversaire.<\/strong> <strong>Nous nous sommes entretenus<\/strong> <strong>avec le Procureur g\u00e9n\u00e9ral de la Conf\u00e9d\u00e9ration, Monsieur Stefan Bl\u00e4ttler<\/strong> <strong>\u00e0 la suite de son intervention.<\/strong><\/p>\n\n\n\n<figure class=\"wp-block-image size-large\"><img decoding=\"async\" width=\"683\" height=\"1024\" src=\"https:\/\/www.he-arc.ch\/wp-content\/uploads\/2026\/03\/Photo_Procureur-General-Confederation_Stefan-Blaettler-683x1024.jpg\" alt=\"\" class=\"wp-image-80198\" srcset=\"https:\/\/www.he-arc.ch\/wp-content\/uploads\/2026\/03\/Photo_Procureur-General-Confederation_Stefan-Blaettler-683x1024.jpg 683w, https:\/\/www.he-arc.ch\/wp-content\/uploads\/2026\/03\/Photo_Procureur-General-Confederation_Stefan-Blaettler-200x300.jpg 200w, https:\/\/www.he-arc.ch\/wp-content\/uploads\/2026\/03\/Photo_Procureur-General-Confederation_Stefan-Blaettler-768x1152.jpg 768w, https:\/\/www.he-arc.ch\/wp-content\/uploads\/2026\/03\/Photo_Procureur-General-Confederation_Stefan-Blaettler-1024x1536.jpg 1024w, https:\/\/www.he-arc.ch\/wp-content\/uploads\/2026\/03\/Photo_Procureur-General-Confederation_Stefan-Blaettler-1365x2048.jpg 1365w, https:\/\/www.he-arc.ch\/wp-content\/uploads\/2026\/03\/Photo_Procureur-General-Confederation_Stefan-Blaettler-scaled.jpg 1706w\" sizes=\"(max-width: 683px) 100vw, 683px\" \/><\/figure>\n\n\n\n<h3 class=\"wp-block-heading\">La lutte contre la corruption internationale est l\u2019un des domaines de comp\u00e9tence du MPC. Quelles \u00e9volutions ou quels outils souhaitez-vous voir appara\u00eetre dans ce domaine \u00e0 l\u2019avenir&nbsp;?<\/h3>\n\n\n\n<p>Nous observons que les fronti\u00e8res entre la criminalit\u00e9 organis\u00e9e, la corruption et le blanchiment d\u2019argent deviennent de plus en plus perm\u00e9ables, au point que ces ph\u00e9nom\u00e8nes s\u2019entrem\u00ealent \u00e9troitement. La criminalit\u00e9 est transnationale et rev\u00eat une ampleur significative. Toutefois, j\u2019aimerais rappeler que le crime ne conna\u00eet pas de fronti\u00e8res. Dans ce contexte, la coop\u00e9ration internationale s\u2019impose comme une n\u00e9cessit\u00e9. C\u2019est pr\u00e9cis\u00e9ment dans cette perspective que le Minist\u00e8re public de la Conf\u00e9d\u00e9ration (MPC) a sign\u00e9 une d\u00e9claration commune pr\u00e9voyant la cr\u00e9ation d\u2019un groupe de travail (task force) avec le Serious Fraud Office (SFO) du Royaume-Uni et le Parquet national financier fran\u00e7ais (PNF) pour lutter contre la corruption internationale.<\/p>\n\n\n\n<div class=\"full-quote\" id=\"full-quote-block_a924ec98dbb5df238497bfd0f206c6de\">\n  <blockquote class=\"full-quote__body\">\n    \u00ab Le crime ne conna\u00eet pas de fronti\u00e8res. Dans ce contexte, la coop\u00e9ration internationale s\u2019impose comme une n\u00e9cessit\u00e9 \u00bb\n  <\/blockquote>\n  <\/div>\n\n\n\n<p>Enfin, toujours dans le m\u00eame domaine, il est n\u00e9cessaire de disposer de nouveaux instruments juridiques. Le MPC milite en faveur d\u2019un outil de justice transactionnelle (comme l\u2019on peut le retrouver aux Etats-Unis avec le Deffered Procecution Agreement \u2013 DPA, ou alors en France avec la Convention judiciaire d\u2019int\u00e9r\u00eat public \u2013 CJIP). Ces outils peuvent renforcer l\u2019efficacit\u00e9 de la coop\u00e9ration entre \u00c9tats disposant de m\u00e9canismes comparables et faciliter une r\u00e9ponse coh\u00e9rente face \u00e0 des infractions complexes et transnationales.<\/p>\n\n\n\n<h3 class=\"wp-block-heading\"><br>Quelles comp\u00e9tences ou profils professionnels seront essentiels dans les ann\u00e9es \u00e0 venir pour renforcer la lutte contre la criminalit\u00e9 \u00e9conomique&nbsp;?<\/h3>\n\n\n\n<p>Le profil de l\u2019enqu\u00eateur demeure celui d\u2019un policier ou d\u2019un procureur, mais les exigences attach\u00e9es \u00e0 cette fonction ont sensiblement \u00e9volu\u00e9. Les enqu\u00eateurs doivent d\u00e9sormais disposer de comp\u00e9tences sp\u00e9cialis\u00e9es qui d\u00e9passent le cadre de la formation polici\u00e8re initiale, notamment dans des domaines techniques et financiers de plus en plus complexes. Des comp\u00e9tences informatiques pointues sont essentielles pour mener les enqu\u00eates dans le monde num\u00e9rique, \u00e0 l\u2019\u00e9chelle nationale et internationale.<\/p>\n\n\n\n<p>L\u2019\u00c9tat ne peut ni d\u00e9l\u00e9guer certaines de ses pr\u00e9rogatives essentielles ni externaliser des missions qui rel\u00e8vent intrins\u00e8quement de ses comp\u00e9tences exclusives. Le d\u00e9veloppement des comp\u00e9tences des enqu\u00eateurs est donc fondamental. L\u2019objectif est de permettre aux enqu\u00eateurs d\u2019acqu\u00e9rir une expertise sp\u00e9cialis\u00e9e approfondie ou, lorsque les circonstances l\u2019exigent, de faire appel \u00e0 des experts externes disposant des comp\u00e9tences techniques sp\u00e9cifiques et du haut niveau de qualification requis. Les jeunes dipl\u00f4m\u00e9s se montrent particuli\u00e8rement motiv\u00e9s \u00e0 entamer leur carri\u00e8re au sein de l\u2019\u00c9tat, attir\u00e9s par les nombreux d\u00e9fis stimulants et les responsabilit\u00e9s exigeantes qui les y attendent.<\/p>\n\n\n\n<div class=\"full-quote\" id=\"full-quote-block_409a658e31eefb37e8f637edff2d37a9\">\n  <blockquote class=\"full-quote__body\">\n    \u00ab Votre institut, l\u2019ILCE, forme une partie des enqu\u00eateurs de demain, en tenant compte de cette \u00e9volution, et je vous en remercie \u00bb.\n  <\/blockquote>\n  <\/div>\n\n\n\n<h3 class=\"wp-block-heading\"><br>Vous avez s\u00e9journ\u00e9 dans le Canton de Neuch\u00e2tel lors de vos \u00e9tudes. Quel souvenir gardez-vous de notre r\u00e9gion ?<\/h3>\n\n\n\n<p>J\u2019ai v\u00e9cu dix ans \u00e0 Neuch\u00e2tel, une exp\u00e9rience qui m\u2019a permis d\u2019acqu\u00e9rir puis de perfectionner une ma\u00eetrise approfondie du fran\u00e7ais, langue que j\u2019utilise quotidiennement dans mon environnement professionnel.<\/p>\n\n\n\n<p>Je dois en grande partie ma formation et ma rigueur juridique \u00e0 l\u2019universit\u00e9 de Neuch\u00e2tel. Cette p\u00e9riode repr\u00e9sente une \u00e9tape marquante de mon parcours, c\u2019\u00e9tait magnifique. Les ann\u00e9es pass\u00e9es comme assistant ont \u00e9t\u00e9 particuli\u00e8rement enrichissantes, tant sur le plan intellectuel que professionnel, et j\u2019en garde un souvenir tr\u00e8s positif.<\/p>\n","protected":false},"excerpt":{"rendered":"<p>Vendredi 20 f\u00e9vrier 2026, l\u2019Institut de Lutte contre la criminalit\u00e9 \u00e9conomique (ILCE) de la Haute \u00e9cole de gestion Arc organisait une conf\u00e9rence intitul\u00e9e \u00ab Journ\u00e9e du droit p\u00e9nal \u00e9conomique 2026 : 25 ans de lutte contre le blanchiment d\u2019argent \u00bb, \u00e0 l\u2019occasion de son 25\u1d49 anniversaire. Nous nous sommes entretenus avec le Procureur g\u00e9n\u00e9ral de [&hellip;]<\/p>\n","protected":false},"author":12,"featured_media":80209,"comment_status":"closed","ping_status":"open","sticky":false,"template":"","format":"standard","meta":{"_acf_changed":false,"footnotes":""},"categories":[19],"tags":[],"he-arc_domain":[2],"class_list":["post-80036","post","type-post","status-publish","format-standard","has-post-thumbnail","hentry","category-news","he-arc_domain-gestion"],"acf":[],"yoast_head":"<!-- This site is optimized with the Yoast SEO plugin v26.6 - https:\/\/yoast.com\/wordpress\/plugins\/seo\/ -->\n<title>Entretien avec le Procureur g\u00e9n\u00e9ral de la Conf\u00e9d\u00e9ration, Monsieur Stefan Bl\u00e4ttler - Haute-Ecole Arc<\/title>\n<meta name=\"robots\" content=\"index, follow, max-snippet:-1, max-image-preview:large, max-video-preview:-1\" \/>\n<link rel=\"canonical\" href=\"https:\/\/www.he-arc.ch\/en\/actualites\/entretien-avec-le-procureur-general-de-la-confederation-monsieur-stefan-blattler\/\" \/>\n<meta property=\"og:locale\" content=\"en_US\" \/>\n<meta property=\"og:type\" content=\"article\" \/>\n<meta property=\"og:title\" content=\"Entretien avec le Procureur g\u00e9n\u00e9ral de la Conf\u00e9d\u00e9ration, Monsieur Stefan Bl\u00e4ttler - Haute-Ecole Arc\" \/>\n<meta property=\"og:description\" content=\"Vendredi 20 f\u00e9vrier 2026, l\u2019Institut de Lutte contre la criminalit\u00e9 \u00e9conomique (ILCE) de la Haute \u00e9cole de gestion Arc organisait une conf\u00e9rence intitul\u00e9e \u00ab Journ\u00e9e du droit p\u00e9nal \u00e9conomique 2026 : 25 ans de lutte contre le blanchiment d\u2019argent \u00bb, \u00e0 l\u2019occasion de son 25\u1d49 anniversaire. Nous nous sommes entretenus avec le Procureur g\u00e9n\u00e9ral de [&hellip;]\" \/>\n<meta property=\"og:url\" content=\"https:\/\/www.he-arc.ch\/en\/actualites\/entretien-avec-le-procureur-general-de-la-confederation-monsieur-stefan-blattler\/\" \/>\n<meta property=\"og:site_name\" content=\"Haute-Ecole Arc\" \/>\n<meta property=\"article:published_time\" content=\"2026-03-11T15:21:50+00:00\" \/>\n<meta property=\"article:modified_time\" content=\"2026-03-12T15:30:50+00:00\" \/>\n<meta property=\"og:image\" content=\"https:\/\/www.he-arc.ch\/wp-content\/uploads\/2026\/03\/Photo_Procureur-General-Confederation_Stefan-Blaettler_entete-actu.png\" \/>\n\t<meta property=\"og:image:width\" content=\"1440\" \/>\n\t<meta property=\"og:image:height\" content=\"500\" \/>\n\t<meta property=\"og:image:type\" content=\"image\/png\" \/>\n<meta name=\"author\" content=\"Tanja Agbaba\" \/>\n<meta name=\"twitter:card\" content=\"summary_large_image\" \/>\n<meta name=\"twitter:label1\" content=\"Written by\" \/>\n\t<meta name=\"twitter:data1\" content=\"Tanja Agbaba\" \/>\n\t<meta name=\"twitter:label2\" content=\"Est. reading time\" \/>\n\t<meta name=\"twitter:data2\" content=\"4 minutes\" \/>\n<script type=\"application\/ld+json\" class=\"yoast-schema-graph\">{\"@context\":\"https:\/\/schema.org\",\"@graph\":[{\"@type\":\"Article\",\"@id\":\"https:\/\/www.he-arc.ch\/en\/actualites\/entretien-avec-le-procureur-general-de-la-confederation-monsieur-stefan-blattler\/#article\",\"isPartOf\":{\"@id\":\"https:\/\/www.he-arc.ch\/en\/actualites\/entretien-avec-le-procureur-general-de-la-confederation-monsieur-stefan-blattler\/\"},\"author\":{\"name\":\"Tanja Agbaba\",\"@id\":\"https:\/\/www.he-arc.ch\/en\/#\/schema\/person\/d48f883289eeb4660857ebd47553e49b\"},\"headline\":\"Entretien avec le Procureur g\u00e9n\u00e9ral de la Conf\u00e9d\u00e9ration, Monsieur Stefan Bl\u00e4ttler\",\"datePublished\":\"2026-03-11T15:21:50+00:00\",\"dateModified\":\"2026-03-12T15:30:50+00:00\",\"mainEntityOfPage\":{\"@id\":\"https:\/\/www.he-arc.ch\/en\/actualites\/entretien-avec-le-procureur-general-de-la-confederation-monsieur-stefan-blattler\/\"},\"wordCount\":675,\"publisher\":{\"@id\":\"https:\/\/www.he-arc.ch\/en\/#organization\"},\"image\":{\"@id\":\"https:\/\/www.he-arc.ch\/en\/actualites\/entretien-avec-le-procureur-general-de-la-confederation-monsieur-stefan-blattler\/#primaryimage\"},\"thumbnailUrl\":\"https:\/\/www.he-arc.ch\/wp-content\/uploads\/2026\/03\/Photo_Procureur-General-Confederation_Stefan-Blaettler_entete-actu.png\",\"articleSection\":[\"News\"],\"inLanguage\":\"en-US\"},{\"@type\":\"WebPage\",\"@id\":\"https:\/\/www.he-arc.ch\/en\/actualites\/entretien-avec-le-procureur-general-de-la-confederation-monsieur-stefan-blattler\/\",\"url\":\"https:\/\/www.he-arc.ch\/en\/actualites\/entretien-avec-le-procureur-general-de-la-confederation-monsieur-stefan-blattler\/\",\"name\":\"Entretien avec le Procureur g\u00e9n\u00e9ral de la Conf\u00e9d\u00e9ration, Monsieur Stefan Bl\u00e4ttler - Haute-Ecole Arc\",\"isPartOf\":{\"@id\":\"https:\/\/www.he-arc.ch\/en\/#website\"},\"primaryImageOfPage\":{\"@id\":\"https:\/\/www.he-arc.ch\/en\/actualites\/entretien-avec-le-procureur-general-de-la-confederation-monsieur-stefan-blattler\/#primaryimage\"},\"image\":{\"@id\":\"https:\/\/www.he-arc.ch\/en\/actualites\/entretien-avec-le-procureur-general-de-la-confederation-monsieur-stefan-blattler\/#primaryimage\"},\"thumbnailUrl\":\"https:\/\/www.he-arc.ch\/wp-content\/uploads\/2026\/03\/Photo_Procureur-General-Confederation_Stefan-Blaettler_entete-actu.png\",\"datePublished\":\"2026-03-11T15:21:50+00:00\",\"dateModified\":\"2026-03-12T15:30:50+00:00\",\"breadcrumb\":{\"@id\":\"https:\/\/www.he-arc.ch\/en\/actualites\/entretien-avec-le-procureur-general-de-la-confederation-monsieur-stefan-blattler\/#breadcrumb\"},\"inLanguage\":\"en-US\",\"potentialAction\":[{\"@type\":\"ReadAction\",\"target\":[\"https:\/\/www.he-arc.ch\/en\/actualites\/entretien-avec-le-procureur-general-de-la-confederation-monsieur-stefan-blattler\/\"]}]},{\"@type\":\"ImageObject\",\"inLanguage\":\"en-US\",\"@id\":\"https:\/\/www.he-arc.ch\/en\/actualites\/entretien-avec-le-procureur-general-de-la-confederation-monsieur-stefan-blattler\/#primaryimage\",\"url\":\"https:\/\/www.he-arc.ch\/wp-content\/uploads\/2026\/03\/Photo_Procureur-General-Confederation_Stefan-Blaettler_entete-actu.png\",\"contentUrl\":\"https:\/\/www.he-arc.ch\/wp-content\/uploads\/2026\/03\/Photo_Procureur-General-Confederation_Stefan-Blaettler_entete-actu.png\",\"width\":1440,\"height\":500},{\"@type\":\"BreadcrumbList\",\"@id\":\"https:\/\/www.he-arc.ch\/en\/actualites\/entretien-avec-le-procureur-general-de-la-confederation-monsieur-stefan-blattler\/#breadcrumb\",\"itemListElement\":[{\"@type\":\"ListItem\",\"position\":1,\"name\":\"Accueil\",\"item\":\"https:\/\/www.he-arc.ch\/en\/\"},{\"@type\":\"ListItem\",\"position\":2,\"name\":\"Entretien avec le Procureur g\u00e9n\u00e9ral de la Conf\u00e9d\u00e9ration, Monsieur Stefan Bl\u00e4ttler\"}]},{\"@type\":\"WebSite\",\"@id\":\"https:\/\/www.he-arc.ch\/en\/#website\",\"url\":\"https:\/\/www.he-arc.ch\/en\/\",\"name\":\"Haute-Ecole Arc\",\"description\":\"Haute \u00e9cole sp\u00e9cialis\u00e9e Suisse. Gestion, Ing\u00e9nierie, Sant\u00e9, Conservation-\u200brestauration.\",\"publisher\":{\"@id\":\"https:\/\/www.he-arc.ch\/en\/#organization\"},\"potentialAction\":[{\"@type\":\"SearchAction\",\"target\":{\"@type\":\"EntryPoint\",\"urlTemplate\":\"https:\/\/www.he-arc.ch\/en\/?s={search_term_string}\"},\"query-input\":{\"@type\":\"PropertyValueSpecification\",\"valueRequired\":true,\"valueName\":\"search_term_string\"}}],\"inLanguage\":\"en-US\"},{\"@type\":\"Organization\",\"@id\":\"https:\/\/www.he-arc.ch\/en\/#organization\",\"name\":\"Haute Ecole Arc\",\"url\":\"https:\/\/www.he-arc.ch\/en\/\",\"logo\":{\"@type\":\"ImageObject\",\"inLanguage\":\"en-US\",\"@id\":\"https:\/\/www.he-arc.ch\/en\/#\/schema\/logo\/image\/\",\"url\":\"https:\/\/www.he-arc.ch\/wp-content\/uploads\/2022\/01\/logo-he-arc.svg\",\"contentUrl\":\"https:\/\/www.he-arc.ch\/wp-content\/uploads\/2022\/01\/logo-he-arc.svg\",\"width\":140,\"height\":42,\"caption\":\"Haute Ecole Arc\"},\"image\":{\"@id\":\"https:\/\/www.he-arc.ch\/en\/#\/schema\/logo\/image\/\"}},{\"@type\":\"Person\",\"@id\":\"https:\/\/www.he-arc.ch\/en\/#\/schema\/person\/d48f883289eeb4660857ebd47553e49b\",\"name\":\"Tanja Agbaba\",\"image\":{\"@type\":\"ImageObject\",\"inLanguage\":\"en-US\",\"@id\":\"https:\/\/www.he-arc.ch\/en\/#\/schema\/person\/image\/\",\"url\":\"https:\/\/secure.gravatar.com\/avatar\/f2322128715d397ee0d17666e4a6a98ab1aa5aed143cf2e783ba351f6b2da1f2?s=96&d=mm&r=g\",\"contentUrl\":\"https:\/\/secure.gravatar.com\/avatar\/f2322128715d397ee0d17666e4a6a98ab1aa5aed143cf2e783ba351f6b2da1f2?s=96&d=mm&r=g\",\"caption\":\"Tanja Agbaba\"}}]}<\/script>\n<!-- \/ Yoast SEO plugin. -->","yoast_head_json":{"title":"Entretien avec le Procureur g\u00e9n\u00e9ral de la Conf\u00e9d\u00e9ration, Monsieur Stefan Bl\u00e4ttler - Haute-Ecole Arc","robots":{"index":"index","follow":"follow","max-snippet":"max-snippet:-1","max-image-preview":"max-image-preview:large","max-video-preview":"max-video-preview:-1"},"canonical":"https:\/\/www.he-arc.ch\/en\/actualites\/entretien-avec-le-procureur-general-de-la-confederation-monsieur-stefan-blattler\/","og_locale":"en_US","og_type":"article","og_title":"Entretien avec le Procureur g\u00e9n\u00e9ral de la Conf\u00e9d\u00e9ration, Monsieur Stefan Bl\u00e4ttler - Haute-Ecole Arc","og_description":"Vendredi 20 f\u00e9vrier 2026, l\u2019Institut de Lutte contre la criminalit\u00e9 \u00e9conomique (ILCE) de la Haute \u00e9cole de gestion Arc organisait une conf\u00e9rence intitul\u00e9e \u00ab Journ\u00e9e du droit p\u00e9nal \u00e9conomique 2026 : 25 ans de lutte contre le blanchiment d\u2019argent \u00bb, \u00e0 l\u2019occasion de son 25\u1d49 anniversaire. Nous nous sommes entretenus avec le Procureur g\u00e9n\u00e9ral de [&hellip;]","og_url":"https:\/\/www.he-arc.ch\/en\/actualites\/entretien-avec-le-procureur-general-de-la-confederation-monsieur-stefan-blattler\/","og_site_name":"Haute-Ecole Arc","article_published_time":"2026-03-11T15:21:50+00:00","article_modified_time":"2026-03-12T15:30:50+00:00","og_image":[{"width":1440,"height":500,"url":"https:\/\/www.he-arc.ch\/wp-content\/uploads\/2026\/03\/Photo_Procureur-General-Confederation_Stefan-Blaettler_entete-actu.png","type":"image\/png"}],"author":"Tanja Agbaba","twitter_card":"summary_large_image","twitter_misc":{"Written by":"Tanja Agbaba","Est. reading time":"4 minutes"},"schema":{"@context":"https:\/\/schema.org","@graph":[{"@type":"Article","@id":"https:\/\/www.he-arc.ch\/en\/actualites\/entretien-avec-le-procureur-general-de-la-confederation-monsieur-stefan-blattler\/#article","isPartOf":{"@id":"https:\/\/www.he-arc.ch\/en\/actualites\/entretien-avec-le-procureur-general-de-la-confederation-monsieur-stefan-blattler\/"},"author":{"name":"Tanja Agbaba","@id":"https:\/\/www.he-arc.ch\/en\/#\/schema\/person\/d48f883289eeb4660857ebd47553e49b"},"headline":"Entretien avec le Procureur g\u00e9n\u00e9ral de la Conf\u00e9d\u00e9ration, Monsieur Stefan Bl\u00e4ttler","datePublished":"2026-03-11T15:21:50+00:00","dateModified":"2026-03-12T15:30:50+00:00","mainEntityOfPage":{"@id":"https:\/\/www.he-arc.ch\/en\/actualites\/entretien-avec-le-procureur-general-de-la-confederation-monsieur-stefan-blattler\/"},"wordCount":675,"publisher":{"@id":"https:\/\/www.he-arc.ch\/en\/#organization"},"image":{"@id":"https:\/\/www.he-arc.ch\/en\/actualites\/entretien-avec-le-procureur-general-de-la-confederation-monsieur-stefan-blattler\/#primaryimage"},"thumbnailUrl":"https:\/\/www.he-arc.ch\/wp-content\/uploads\/2026\/03\/Photo_Procureur-General-Confederation_Stefan-Blaettler_entete-actu.png","articleSection":["News"],"inLanguage":"en-US"},{"@type":"WebPage","@id":"https:\/\/www.he-arc.ch\/en\/actualites\/entretien-avec-le-procureur-general-de-la-confederation-monsieur-stefan-blattler\/","url":"https:\/\/www.he-arc.ch\/en\/actualites\/entretien-avec-le-procureur-general-de-la-confederation-monsieur-stefan-blattler\/","name":"Entretien avec le Procureur g\u00e9n\u00e9ral de la Conf\u00e9d\u00e9ration, Monsieur Stefan Bl\u00e4ttler - Haute-Ecole Arc","isPartOf":{"@id":"https:\/\/www.he-arc.ch\/en\/#website"},"primaryImageOfPage":{"@id":"https:\/\/www.he-arc.ch\/en\/actualites\/entretien-avec-le-procureur-general-de-la-confederation-monsieur-stefan-blattler\/#primaryimage"},"image":{"@id":"https:\/\/www.he-arc.ch\/en\/actualites\/entretien-avec-le-procureur-general-de-la-confederation-monsieur-stefan-blattler\/#primaryimage"},"thumbnailUrl":"https:\/\/www.he-arc.ch\/wp-content\/uploads\/2026\/03\/Photo_Procureur-General-Confederation_Stefan-Blaettler_entete-actu.png","datePublished":"2026-03-11T15:21:50+00:00","dateModified":"2026-03-12T15:30:50+00:00","breadcrumb":{"@id":"https:\/\/www.he-arc.ch\/en\/actualites\/entretien-avec-le-procureur-general-de-la-confederation-monsieur-stefan-blattler\/#breadcrumb"},"inLanguage":"en-US","potentialAction":[{"@type":"ReadAction","target":["https:\/\/www.he-arc.ch\/en\/actualites\/entretien-avec-le-procureur-general-de-la-confederation-monsieur-stefan-blattler\/"]}]},{"@type":"ImageObject","inLanguage":"en-US","@id":"https:\/\/www.he-arc.ch\/en\/actualites\/entretien-avec-le-procureur-general-de-la-confederation-monsieur-stefan-blattler\/#primaryimage","url":"https:\/\/www.he-arc.ch\/wp-content\/uploads\/2026\/03\/Photo_Procureur-General-Confederation_Stefan-Blaettler_entete-actu.png","contentUrl":"https:\/\/www.he-arc.ch\/wp-content\/uploads\/2026\/03\/Photo_Procureur-General-Confederation_Stefan-Blaettler_entete-actu.png","width":1440,"height":500},{"@type":"BreadcrumbList","@id":"https:\/\/www.he-arc.ch\/en\/actualites\/entretien-avec-le-procureur-general-de-la-confederation-monsieur-stefan-blattler\/#breadcrumb","itemListElement":[{"@type":"ListItem","position":1,"name":"Accueil","item":"https:\/\/www.he-arc.ch\/en\/"},{"@type":"ListItem","position":2,"name":"Entretien avec le Procureur g\u00e9n\u00e9ral de la Conf\u00e9d\u00e9ration, Monsieur Stefan Bl\u00e4ttler"}]},{"@type":"WebSite","@id":"https:\/\/www.he-arc.ch\/en\/#website","url":"https:\/\/www.he-arc.ch\/en\/","name":"Haute-Ecole Arc","description":"Haute \u00e9cole sp\u00e9cialis\u00e9e Suisse. Gestion, Ing\u00e9nierie, Sant\u00e9, Conservation-\u200brestauration.","publisher":{"@id":"https:\/\/www.he-arc.ch\/en\/#organization"},"potentialAction":[{"@type":"SearchAction","target":{"@type":"EntryPoint","urlTemplate":"https:\/\/www.he-arc.ch\/en\/?s={search_term_string}"},"query-input":{"@type":"PropertyValueSpecification","valueRequired":true,"valueName":"search_term_string"}}],"inLanguage":"en-US"},{"@type":"Organization","@id":"https:\/\/www.he-arc.ch\/en\/#organization","name":"Haute Ecole Arc","url":"https:\/\/www.he-arc.ch\/en\/","logo":{"@type":"ImageObject","inLanguage":"en-US","@id":"https:\/\/www.he-arc.ch\/en\/#\/schema\/logo\/image\/","url":"https:\/\/www.he-arc.ch\/wp-content\/uploads\/2022\/01\/logo-he-arc.svg","contentUrl":"https:\/\/www.he-arc.ch\/wp-content\/uploads\/2022\/01\/logo-he-arc.svg","width":140,"height":42,"caption":"Haute Ecole Arc"},"image":{"@id":"https:\/\/www.he-arc.ch\/en\/#\/schema\/logo\/image\/"}},{"@type":"Person","@id":"https:\/\/www.he-arc.ch\/en\/#\/schema\/person\/d48f883289eeb4660857ebd47553e49b","name":"Tanja Agbaba","image":{"@type":"ImageObject","inLanguage":"en-US","@id":"https:\/\/www.he-arc.ch\/en\/#\/schema\/person\/image\/","url":"https:\/\/secure.gravatar.com\/avatar\/f2322128715d397ee0d17666e4a6a98ab1aa5aed143cf2e783ba351f6b2da1f2?s=96&d=mm&r=g","contentUrl":"https:\/\/secure.gravatar.com\/avatar\/f2322128715d397ee0d17666e4a6a98ab1aa5aed143cf2e783ba351f6b2da1f2?s=96&d=mm&r=g","caption":"Tanja Agbaba"}}]}},"_links":{"self":[{"href":"https:\/\/www.he-arc.ch\/en\/wp-json\/wp\/v2\/posts\/80036","targetHints":{"allow":["GET"]}}],"collection":[{"href":"https:\/\/www.he-arc.ch\/en\/wp-json\/wp\/v2\/posts"}],"about":[{"href":"https:\/\/www.he-arc.ch\/en\/wp-json\/wp\/v2\/types\/post"}],"author":[{"embeddable":true,"href":"https:\/\/www.he-arc.ch\/en\/wp-json\/wp\/v2\/users\/12"}],"replies":[{"embeddable":true,"href":"https:\/\/www.he-arc.ch\/en\/wp-json\/wp\/v2\/comments?post=80036"}],"version-history":[{"count":12,"href":"https:\/\/www.he-arc.ch\/en\/wp-json\/wp\/v2\/posts\/80036\/revisions"}],"predecessor-version":[{"id":80247,"href":"https:\/\/www.he-arc.ch\/en\/wp-json\/wp\/v2\/posts\/80036\/revisions\/80247"}],"wp:featuredmedia":[{"embeddable":true,"href":"https:\/\/www.he-arc.ch\/en\/wp-json\/wp\/v2\/media\/80209"}],"wp:attachment":[{"href":"https:\/\/www.he-arc.ch\/en\/wp-json\/wp\/v2\/media?parent=80036"}],"wp:term":[{"taxonomy":"category","embeddable":true,"href":"https:\/\/www.he-arc.ch\/en\/wp-json\/wp\/v2\/categories?post=80036"},{"taxonomy":"post_tag","embeddable":true,"href":"https:\/\/www.he-arc.ch\/en\/wp-json\/wp\/v2\/tags?post=80036"},{"taxonomy":"he-arc_domain","embeddable":true,"href":"https:\/\/www.he-arc.ch\/en\/wp-json\/wp\/v2\/he-arc_domain?post=80036"}],"curies":[{"name":"wp","href":"https:\/\/api.w.org\/{rel}","templated":true}]}}