{"id":80132,"date":"2026-03-12T14:12:32","date_gmt":"2026-03-12T13:12:32","guid":{"rendered":"https:\/\/www.he-arc.ch\/?p=80132"},"modified":"2026-03-12T14:15:24","modified_gmt":"2026-03-12T13:15:24","slug":"projet-oneen-observatoire-neuchatelois-de-lempreinte-environnementale-du-numerique","status":"publish","type":"post","link":"https:\/\/www.he-arc.ch\/en\/actualites\/projet-oneen-observatoire-neuchatelois-de-lempreinte-environnementale-du-numerique\/","title":{"rendered":"Projet ONEEN\u00a0: Observatoire neuch\u00e2telois de l\u2019empreinte environnementale du num\u00e9rique"},"content":{"rendered":"\n<p>Dans une organisation, le num\u00e9rique repr\u00e9sente aujourd\u2019hui une part croissante de son empreinte environnementale. Pourtant, ses impacts restent souvent invisibles, difficiles \u00e0 mesurer et constituent un v\u00e9ritable casse-t\u00eate \u00e0 piloter. ONEEN a pour ambition de rendre ces impacts lisibles, comparables et actionnables, en proposant un tableau de bord d\u2019indicateurs d\u00e9di\u00e9 aux organisations et aux communes du canton.<\/p>\n\n\n\n<p>Le projet a pour but de contribuer au plan climat du Canton de Neuch\u00e2tel sous l&#8217;aspect de l\u2019empreinte environnementale du num\u00e9rique. Il consiste \u00e0 cr\u00e9er l\u2019Observatoire neuch\u00e2telois de l\u2019empreinte environnementale du num\u00e9rique, qui prendra la forme d\u2019une plateforme interactive. L\u2019objectif est d\u2019offrir un outil aux organisations publiques et priv\u00e9es pour les aider \u00e0 piloter leurs actions favorisant le num\u00e9rique responsable. La plateforme veut \u00e9galement offrir un r\u00e9f\u00e9rentiel de pratiques et permettre aux acteurs de partager leurs propres pratiques. Le projet, soutenu financi\u00e8rement par la Conf\u00e9d\u00e9ration et le Canton de Neuch\u00e2tel dans le cadre de la politique r\u00e9gionale, tiendra compte des deux axes du num\u00e9riques responsables sur le plan environnemental, qui sont le <em>Green<\/em>&nbsp;<em>IT<\/em> (r\u00e9duire l\u2019impact du num\u00e9rique) et l\u2019<em>IT&nbsp;for&nbsp;Green<\/em> (utiliser le num\u00e9rique pour r\u00e9duire d\u2019autres impacts environnementaux).<\/p>\n\n\n\n<p><strong>Quel est l\u2019objectif principal de l\u2019Observatoire neuch\u00e2telois de l\u2019empreinte environnementale du num\u00e9rique (ONEEN) ?<\/strong><\/p>\n\n\n\n<p><em>Steve Berberat&nbsp;:<\/em> L\u2019objectif premier est d\u2019outiller les organisations priv\u00e9es et publiques du Canton de Neuch\u00e2tel pour leur permettre de visualiser et de piloter la r\u00e9duction de l\u2019empreinte environnementale du num\u00e9rique. Il faut savoir que le Canton de Neuch\u00e2tel a fix\u00e9 un objectif de r\u00e9duction des gaz \u00e0 effet de serre de 90% d\u2019ici \u00e0 2040. L\u2019entreprise souhaitant aller dans la bonne direction peut se demander dans quelle mesure cette r\u00e9duction est attendue du num\u00e9rique, si ce qu\u2019elle fait est align\u00e9 avec cette vision 2040 et quelles solutions il lui est possible d\u2019activer. La plateforme ONEEN vise \u00e0 r\u00e9pondre \u00e0 ces questions. Concr\u00e8tement, chaque organisation priv\u00e9e ou publique pourra activer son propre tableau de bord de pilotage de son empreinte num\u00e9rique.<\/p>\n\n\n\n<p><strong>Quel constat a motiv\u00e9 la cr\u00e9ation d\u2019un observatoire d\u00e9di\u00e9 \u00e0 l\u2019empreinte num\u00e9rique ?<\/strong><\/p>\n\n\n\n<p><em>S.B&nbsp;:<\/em> D\u2019une part, le fait que l\u2019empreinte environnementale du num\u00e9rique continue d\u2019augmenter fortement, alors qu\u2019au contraire nous devrions la r\u00e9duire. D\u2019autre part, le manque d\u2019alignement entre les objectifs fix\u00e9s \u00e0 des niveaux \u00ab&nbsp;macro&nbsp;\u00bb (Conf\u00e9d\u00e9ration, cantons) et les r\u00e9alisations concr\u00e8tes faites plus localement par les entreprises priv\u00e9es et publiques (niveau \u00ab&nbsp;micro&nbsp;\u00bb).<\/p>\n\n\n\n<p><strong>Quels sont les impacts environnementaux les plus m\u00e9connus li\u00e9s \u00e0 l\u2019usage du num\u00e9rique ?<\/strong><\/p>\n\n\n\n<p><em>S.B&nbsp;: <\/em>Intuitivement, nous pouvons penser que l\u2019empreinte du num\u00e9rique sur l\u2019environnement est principalement due \u00e0 sa consommation \u00e9lectrique. C\u2019est une fausse id\u00e9e. En r\u00e9alit\u00e9, c\u2019est la fabrication des \u00e9quipements num\u00e9riques qui repr\u00e9sente la part la plus importante de l\u2019impact. Sur l\u2019axe du climat, il faut savoir que la phase de fabrication repr\u00e9sente 78% des gaz \u00e0 effet de serre, contre seulement 21% attribu\u00e9s \u00e0 la phase d\u2019utilisation. Mais l\u2019impact climatique n\u2019est pas le seul&nbsp;: le num\u00e9rique consomme aussi \u00e9norm\u00e9ment d\u2019eau, utilise des ressources min\u00e9rales, m\u00e9talliques et abiotiques et, dans une certaine mesure, \u00e9met des particules fines impactant la sant\u00e9 humaine ou encore participe \u00e0 l\u2019eutrophisation de l\u2019environnement.<\/p>\n\n\n\n<p><strong>Pourquoi le num\u00e9rique repr\u00e9sente-t-il un enjeu environnemental majeur aujourd\u2019hui ?<\/strong><\/p>\n\n\n\n<p><em>S.B&nbsp;:<\/em> Dans une plan\u00e8te aux ressources limit\u00e9es, le num\u00e9rique ne pourra poursuivre son d\u00e9veloppement actuel. L\u2019utiliser de fa\u00e7on consciente et mod\u00e9r\u00e9e deviendra probablement une n\u00e9cessit\u00e9. Un usage raisonn\u00e9 consisterait, par exemple, \u00e0 prioriser les projets de digitalisation qui visent \u00e0 apporter de nouvelles solutions moins polluantes. On parle alors d\u2019<em>IT for Green <\/em>(ou d\u2019<em>IA for Green<\/em> s\u2019il est question d\u2019intelligence artificielle).<\/p>\n\n\n\n<p><strong>Quels crit\u00e8res permettent de mesurer l\u2019empreinte environnementale du num\u00e9rique ?<\/strong><\/p>\n\n\n\n<p><em>S.B&nbsp;:<\/em> L\u2019\u00e9l\u00e9ment le plus d\u00e9cisif pour mesurer une empreinte num\u00e9rique est de disposer d\u2019un inventaire de ses \u00e9quipements num\u00e9riques, avec leur dur\u00e9e d\u2019utilisation avant renouvellement. Pour \u00eatre complet dans le calcul, il faut \u00e9galement prendre en compte la consommation \u00e9lectrique r\u00e9elle de ses \u00e9quipements, de m\u00eame que tous les services num\u00e9riques externes utilis\u00e9s, qui sont par ailleurs de plus en plus nombreux (Teams, ChatGPT, OneDrive ou encore Moodle pour citer quelques exemples).<\/p>\n\n\n\n<p><strong>Comment fonctionnera concr\u00e8tement la plateforme ONEEN ?<\/strong><\/p>\n\n\n\n<p><em><em>S.B<ins> et Julien Reichenbach<\/ins><\/em>&nbsp;:<\/em> Les organisations pourront activer gratuitement leur propre tableau de bord. En fonction des param\u00e8tres que l\u2019organisation renseigne (sa taille, son secteur d\u2019activit\u00e9, etc.), des objectifs align\u00e9s avec les ambitions cantonales lui seront propos\u00e9s. Elle peut les prendre tels quels ou les red\u00e9finir selon ses souhaits. Elle peut aussi d\u00e9cider de ne pas se fixer d\u2019objectif pour l\u2019instant. Mais ce n\u2019est pas tout, car pour l\u2019aider \u00e0 entreprendre des actions, elle pourra \u00e0 la fois consulter de nombreuses bonnes pratiques et piocher celles qui l\u2019int\u00e9ressent. Si elle le souhaite, elle pourra \u00e9galement mettre \u00e0 disposition ses propres pratiques, notamment en les proposant comme mandats aupr\u00e8s des entreprises qui consulteront la pratique. Cela permet non seulement de travailler collectivement dans le bon sens, mais d&#8217;\u00e9galement g\u00e9n\u00e9rer des opportunit\u00e9s \u00e9conomiques \u00e0 l&#8217;\u00e9chelle locale. Enfin, nous avons mis en place une s\u00e9rie d&#8217;indicateurs permettant aux directions des entreprises de voir l&#8217;impact concret de l&#8217;impl\u00e9mentation des pratiques, au fil du temps. Il leur sera possible de partager ces indicateurs pour mettre en avant leur engagement sur une page publique et valoriser leurs efforts.<\/p>\n\n\n\n<p><strong>Quelles sont les prochaines \u00e9tapes de votre projet&nbsp;?<\/strong><\/p>\n\n\n\n<p><em>S.B&nbsp;:<\/em> Les communes ont aussi un r\u00f4le \u00e0 jouer dans le projet : la prochaine \u00e9tape majeure est d&#8217;inclure une notion de tableau de bord communal, leur permettant d&#8217;ajuster les valeurs-cibles des indicateurs pour les acteurs de leur territoire. Ainsi, les communes pourront voir les \u00e9volutions et identifier quelles initiatives ou aides pourraient \u00eatre mises en place pour atteindre ces objectifs.<\/p>\n\n\n  <a href=\"https:\/\/www.he-arc.ch\/en\/projets-recherche\/observatoire-neuchatelois-de-lempreinte-environnementale-du-numerique-oneen\/\"  class=\"btn-primary is-arrowed \">\n    <div class=\"btn-primary__title\">Lien vers le projet ONEEN<\/div>\n  <\/a>\n\n\n<div class=\"wp-block-image\">\n<figure class=\"aligncenter size-large\"><img decoding=\"async\" width=\"1024\" height=\"577\" src=\"https:\/\/www.he-arc.ch\/wp-content\/uploads\/2026\/03\/1000099896-1024x577.jpg\" alt=\"\" class=\"wp-image-80202\" srcset=\"https:\/\/www.he-arc.ch\/wp-content\/uploads\/2026\/03\/1000099896-1024x577.jpg 1024w, https:\/\/www.he-arc.ch\/wp-content\/uploads\/2026\/03\/1000099896-300x169.jpg 300w, https:\/\/www.he-arc.ch\/wp-content\/uploads\/2026\/03\/1000099896-768x432.jpg 768w, https:\/\/www.he-arc.ch\/wp-content\/uploads\/2026\/03\/1000099896-1536x865.jpg 1536w, https:\/\/www.he-arc.ch\/wp-content\/uploads\/2026\/03\/1000099896.jpg 1920w\" sizes=\"(max-width: 1024px) 100vw, 1024px\" \/><\/figure>\n<\/div>","protected":false},"excerpt":{"rendered":"<p>Dans une organisation, le num\u00e9rique repr\u00e9sente aujourd\u2019hui une part croissante de son empreinte environnementale. Pourtant, ses impacts restent souvent invisibles, difficiles \u00e0 mesurer et constituent un v\u00e9ritable casse-t\u00eate \u00e0 piloter. ONEEN a pour ambition de rendre ces impacts lisibles, comparables et actionnables, en proposant un tableau de bord d\u2019indicateurs d\u00e9di\u00e9 aux organisations et aux communes [&hellip;]<\/p>\n","protected":false},"author":13,"featured_media":80202,"comment_status":"closed","ping_status":"open","sticky":false,"template":"","format":"standard","meta":{"_acf_changed":false,"footnotes":""},"categories":[1],"tags":[],"he-arc_domain":[2],"class_list":["post-80132","post","type-post","status-publish","format-standard","has-post-thumbnail","hentry","category-non-classifiee","he-arc_domain-gestion"],"acf":[],"yoast_head":"<!-- This site is optimized with the Yoast SEO plugin v26.6 - https:\/\/yoast.com\/wordpress\/plugins\/seo\/ -->\n<title>Projet ONEEN\u00a0: Observatoire neuch\u00e2telois de l\u2019empreinte environnementale du num\u00e9rique - Haute-Ecole Arc<\/title>\n<meta name=\"robots\" content=\"index, follow, max-snippet:-1, max-image-preview:large, max-video-preview:-1\" \/>\n<link rel=\"canonical\" href=\"https:\/\/www.he-arc.ch\/en\/actualites\/projet-oneen-observatoire-neuchatelois-de-lempreinte-environnementale-du-numerique\/\" \/>\n<meta property=\"og:locale\" content=\"en_US\" \/>\n<meta property=\"og:type\" content=\"article\" \/>\n<meta property=\"og:title\" content=\"Projet ONEEN\u00a0: Observatoire neuch\u00e2telois de l\u2019empreinte environnementale du num\u00e9rique - Haute-Ecole Arc\" \/>\n<meta property=\"og:description\" content=\"Dans une organisation, le num\u00e9rique repr\u00e9sente aujourd\u2019hui une part croissante de son empreinte environnementale. Pourtant, ses impacts restent souvent invisibles, difficiles \u00e0 mesurer et constituent un v\u00e9ritable casse-t\u00eate \u00e0 piloter. ONEEN a pour ambition de rendre ces impacts lisibles, comparables et actionnables, en proposant un tableau de bord d\u2019indicateurs d\u00e9di\u00e9 aux organisations et aux communes [&hellip;]\" \/>\n<meta property=\"og:url\" content=\"https:\/\/www.he-arc.ch\/en\/actualites\/projet-oneen-observatoire-neuchatelois-de-lempreinte-environnementale-du-numerique\/\" \/>\n<meta property=\"og:site_name\" content=\"Haute-Ecole Arc\" \/>\n<meta property=\"article:published_time\" content=\"2026-03-12T13:12:32+00:00\" \/>\n<meta property=\"article:modified_time\" content=\"2026-03-12T13:15:24+00:00\" \/>\n<meta property=\"og:image\" content=\"https:\/\/www.he-arc.ch\/wp-content\/uploads\/2026\/03\/1000099896.jpg\" \/>\n\t<meta property=\"og:image:width\" content=\"1920\" \/>\n\t<meta property=\"og:image:height\" content=\"1081\" \/>\n\t<meta property=\"og:image:type\" content=\"image\/jpeg\" \/>\n<meta name=\"author\" content=\"Delphine Vantieghem\" \/>\n<meta name=\"twitter:card\" content=\"summary_large_image\" \/>\n<meta name=\"twitter:label1\" content=\"Written by\" \/>\n\t<meta name=\"twitter:data1\" content=\"Delphine Vantieghem\" \/>\n\t<meta name=\"twitter:label2\" content=\"Est. reading time\" \/>\n\t<meta name=\"twitter:data2\" content=\"6 minutes\" \/>\n<script type=\"application\/ld+json\" class=\"yoast-schema-graph\">{\"@context\":\"https:\/\/schema.org\",\"@graph\":[{\"@type\":\"Article\",\"@id\":\"https:\/\/www.he-arc.ch\/en\/actualites\/projet-oneen-observatoire-neuchatelois-de-lempreinte-environnementale-du-numerique\/#article\",\"isPartOf\":{\"@id\":\"https:\/\/www.he-arc.ch\/en\/actualites\/projet-oneen-observatoire-neuchatelois-de-lempreinte-environnementale-du-numerique\/\"},\"author\":{\"name\":\"Delphine Vantieghem\",\"@id\":\"https:\/\/www.he-arc.ch\/en\/#\/schema\/person\/d586ae583d094894a534ba918c500816\"},\"headline\":\"Projet ONEEN\u00a0: Observatoire neuch\u00e2telois de l\u2019empreinte environnementale du num\u00e9rique\",\"datePublished\":\"2026-03-12T13:12:32+00:00\",\"dateModified\":\"2026-03-12T13:15:24+00:00\",\"mainEntityOfPage\":{\"@id\":\"https:\/\/www.he-arc.ch\/en\/actualites\/projet-oneen-observatoire-neuchatelois-de-lempreinte-environnementale-du-numerique\/\"},\"wordCount\":1081,\"publisher\":{\"@id\":\"https:\/\/www.he-arc.ch\/en\/#organization\"},\"image\":{\"@id\":\"https:\/\/www.he-arc.ch\/en\/actualites\/projet-oneen-observatoire-neuchatelois-de-lempreinte-environnementale-du-numerique\/#primaryimage\"},\"thumbnailUrl\":\"https:\/\/www.he-arc.ch\/wp-content\/uploads\/2026\/03\/1000099896.jpg\",\"articleSection\":[\"Non classifi\u00e9(e)\"],\"inLanguage\":\"en-US\"},{\"@type\":\"WebPage\",\"@id\":\"https:\/\/www.he-arc.ch\/en\/actualites\/projet-oneen-observatoire-neuchatelois-de-lempreinte-environnementale-du-numerique\/\",\"url\":\"https:\/\/www.he-arc.ch\/en\/actualites\/projet-oneen-observatoire-neuchatelois-de-lempreinte-environnementale-du-numerique\/\",\"name\":\"Projet ONEEN\u00a0: Observatoire neuch\u00e2telois de l\u2019empreinte environnementale du num\u00e9rique - Haute-Ecole Arc\",\"isPartOf\":{\"@id\":\"https:\/\/www.he-arc.ch\/en\/#website\"},\"primaryImageOfPage\":{\"@id\":\"https:\/\/www.he-arc.ch\/en\/actualites\/projet-oneen-observatoire-neuchatelois-de-lempreinte-environnementale-du-numerique\/#primaryimage\"},\"image\":{\"@id\":\"https:\/\/www.he-arc.ch\/en\/actualites\/projet-oneen-observatoire-neuchatelois-de-lempreinte-environnementale-du-numerique\/#primaryimage\"},\"thumbnailUrl\":\"https:\/\/www.he-arc.ch\/wp-content\/uploads\/2026\/03\/1000099896.jpg\",\"datePublished\":\"2026-03-12T13:12:32+00:00\",\"dateModified\":\"2026-03-12T13:15:24+00:00\",\"breadcrumb\":{\"@id\":\"https:\/\/www.he-arc.ch\/en\/actualites\/projet-oneen-observatoire-neuchatelois-de-lempreinte-environnementale-du-numerique\/#breadcrumb\"},\"inLanguage\":\"en-US\",\"potentialAction\":[{\"@type\":\"ReadAction\",\"target\":[\"https:\/\/www.he-arc.ch\/en\/actualites\/projet-oneen-observatoire-neuchatelois-de-lempreinte-environnementale-du-numerique\/\"]}]},{\"@type\":\"ImageObject\",\"inLanguage\":\"en-US\",\"@id\":\"https:\/\/www.he-arc.ch\/en\/actualites\/projet-oneen-observatoire-neuchatelois-de-lempreinte-environnementale-du-numerique\/#primaryimage\",\"url\":\"https:\/\/www.he-arc.ch\/wp-content\/uploads\/2026\/03\/1000099896.jpg\",\"contentUrl\":\"https:\/\/www.he-arc.ch\/wp-content\/uploads\/2026\/03\/1000099896.jpg\",\"width\":1920,\"height\":1081},{\"@type\":\"BreadcrumbList\",\"@id\":\"https:\/\/www.he-arc.ch\/en\/actualites\/projet-oneen-observatoire-neuchatelois-de-lempreinte-environnementale-du-numerique\/#breadcrumb\",\"itemListElement\":[{\"@type\":\"ListItem\",\"position\":1,\"name\":\"Accueil\",\"item\":\"https:\/\/www.he-arc.ch\/en\/\"},{\"@type\":\"ListItem\",\"position\":2,\"name\":\"Projet ONEEN\u00a0: Observatoire neuch\u00e2telois de l\u2019empreinte environnementale du num\u00e9rique\"}]},{\"@type\":\"WebSite\",\"@id\":\"https:\/\/www.he-arc.ch\/en\/#website\",\"url\":\"https:\/\/www.he-arc.ch\/en\/\",\"name\":\"Haute-Ecole Arc\",\"description\":\"Haute \u00e9cole sp\u00e9cialis\u00e9e Suisse. Gestion, Ing\u00e9nierie, Sant\u00e9, Conservation-\u200brestauration.\",\"publisher\":{\"@id\":\"https:\/\/www.he-arc.ch\/en\/#organization\"},\"potentialAction\":[{\"@type\":\"SearchAction\",\"target\":{\"@type\":\"EntryPoint\",\"urlTemplate\":\"https:\/\/www.he-arc.ch\/en\/?s={search_term_string}\"},\"query-input\":{\"@type\":\"PropertyValueSpecification\",\"valueRequired\":true,\"valueName\":\"search_term_string\"}}],\"inLanguage\":\"en-US\"},{\"@type\":\"Organization\",\"@id\":\"https:\/\/www.he-arc.ch\/en\/#organization\",\"name\":\"Haute Ecole Arc\",\"url\":\"https:\/\/www.he-arc.ch\/en\/\",\"logo\":{\"@type\":\"ImageObject\",\"inLanguage\":\"en-US\",\"@id\":\"https:\/\/www.he-arc.ch\/en\/#\/schema\/logo\/image\/\",\"url\":\"https:\/\/www.he-arc.ch\/wp-content\/uploads\/2022\/01\/logo-he-arc.svg\",\"contentUrl\":\"https:\/\/www.he-arc.ch\/wp-content\/uploads\/2022\/01\/logo-he-arc.svg\",\"width\":140,\"height\":42,\"caption\":\"Haute Ecole Arc\"},\"image\":{\"@id\":\"https:\/\/www.he-arc.ch\/en\/#\/schema\/logo\/image\/\"}},{\"@type\":\"Person\",\"@id\":\"https:\/\/www.he-arc.ch\/en\/#\/schema\/person\/d586ae583d094894a534ba918c500816\",\"name\":\"Delphine Vantieghem\",\"image\":{\"@type\":\"ImageObject\",\"inLanguage\":\"en-US\",\"@id\":\"https:\/\/www.he-arc.ch\/en\/#\/schema\/person\/image\/\",\"url\":\"https:\/\/secure.gravatar.com\/avatar\/227667cf037a7da7df85ec3e92cccb7b645aa7e6d6836e9505f0964fe6b70279?s=96&d=mm&r=g\",\"contentUrl\":\"https:\/\/secure.gravatar.com\/avatar\/227667cf037a7da7df85ec3e92cccb7b645aa7e6d6836e9505f0964fe6b70279?s=96&d=mm&r=g\",\"caption\":\"Delphine Vantieghem\"}}]}<\/script>\n<!-- \/ Yoast SEO plugin. -->","yoast_head_json":{"title":"Projet ONEEN\u00a0: Observatoire neuch\u00e2telois de l\u2019empreinte environnementale du num\u00e9rique - Haute-Ecole Arc","robots":{"index":"index","follow":"follow","max-snippet":"max-snippet:-1","max-image-preview":"max-image-preview:large","max-video-preview":"max-video-preview:-1"},"canonical":"https:\/\/www.he-arc.ch\/en\/actualites\/projet-oneen-observatoire-neuchatelois-de-lempreinte-environnementale-du-numerique\/","og_locale":"en_US","og_type":"article","og_title":"Projet ONEEN\u00a0: Observatoire neuch\u00e2telois de l\u2019empreinte environnementale du num\u00e9rique - Haute-Ecole Arc","og_description":"Dans une organisation, le num\u00e9rique repr\u00e9sente aujourd\u2019hui une part croissante de son empreinte environnementale. Pourtant, ses impacts restent souvent invisibles, difficiles \u00e0 mesurer et constituent un v\u00e9ritable casse-t\u00eate \u00e0 piloter. ONEEN a pour ambition de rendre ces impacts lisibles, comparables et actionnables, en proposant un tableau de bord d\u2019indicateurs d\u00e9di\u00e9 aux organisations et aux communes [&hellip;]","og_url":"https:\/\/www.he-arc.ch\/en\/actualites\/projet-oneen-observatoire-neuchatelois-de-lempreinte-environnementale-du-numerique\/","og_site_name":"Haute-Ecole Arc","article_published_time":"2026-03-12T13:12:32+00:00","article_modified_time":"2026-03-12T13:15:24+00:00","og_image":[{"width":1920,"height":1081,"url":"https:\/\/www.he-arc.ch\/wp-content\/uploads\/2026\/03\/1000099896.jpg","type":"image\/jpeg"}],"author":"Delphine Vantieghem","twitter_card":"summary_large_image","twitter_misc":{"Written by":"Delphine Vantieghem","Est. reading time":"6 minutes"},"schema":{"@context":"https:\/\/schema.org","@graph":[{"@type":"Article","@id":"https:\/\/www.he-arc.ch\/en\/actualites\/projet-oneen-observatoire-neuchatelois-de-lempreinte-environnementale-du-numerique\/#article","isPartOf":{"@id":"https:\/\/www.he-arc.ch\/en\/actualites\/projet-oneen-observatoire-neuchatelois-de-lempreinte-environnementale-du-numerique\/"},"author":{"name":"Delphine Vantieghem","@id":"https:\/\/www.he-arc.ch\/en\/#\/schema\/person\/d586ae583d094894a534ba918c500816"},"headline":"Projet ONEEN\u00a0: Observatoire neuch\u00e2telois de l\u2019empreinte environnementale du num\u00e9rique","datePublished":"2026-03-12T13:12:32+00:00","dateModified":"2026-03-12T13:15:24+00:00","mainEntityOfPage":{"@id":"https:\/\/www.he-arc.ch\/en\/actualites\/projet-oneen-observatoire-neuchatelois-de-lempreinte-environnementale-du-numerique\/"},"wordCount":1081,"publisher":{"@id":"https:\/\/www.he-arc.ch\/en\/#organization"},"image":{"@id":"https:\/\/www.he-arc.ch\/en\/actualites\/projet-oneen-observatoire-neuchatelois-de-lempreinte-environnementale-du-numerique\/#primaryimage"},"thumbnailUrl":"https:\/\/www.he-arc.ch\/wp-content\/uploads\/2026\/03\/1000099896.jpg","articleSection":["Non classifi\u00e9(e)"],"inLanguage":"en-US"},{"@type":"WebPage","@id":"https:\/\/www.he-arc.ch\/en\/actualites\/projet-oneen-observatoire-neuchatelois-de-lempreinte-environnementale-du-numerique\/","url":"https:\/\/www.he-arc.ch\/en\/actualites\/projet-oneen-observatoire-neuchatelois-de-lempreinte-environnementale-du-numerique\/","name":"Projet ONEEN\u00a0: Observatoire neuch\u00e2telois de l\u2019empreinte environnementale du num\u00e9rique - Haute-Ecole Arc","isPartOf":{"@id":"https:\/\/www.he-arc.ch\/en\/#website"},"primaryImageOfPage":{"@id":"https:\/\/www.he-arc.ch\/en\/actualites\/projet-oneen-observatoire-neuchatelois-de-lempreinte-environnementale-du-numerique\/#primaryimage"},"image":{"@id":"https:\/\/www.he-arc.ch\/en\/actualites\/projet-oneen-observatoire-neuchatelois-de-lempreinte-environnementale-du-numerique\/#primaryimage"},"thumbnailUrl":"https:\/\/www.he-arc.ch\/wp-content\/uploads\/2026\/03\/1000099896.jpg","datePublished":"2026-03-12T13:12:32+00:00","dateModified":"2026-03-12T13:15:24+00:00","breadcrumb":{"@id":"https:\/\/www.he-arc.ch\/en\/actualites\/projet-oneen-observatoire-neuchatelois-de-lempreinte-environnementale-du-numerique\/#breadcrumb"},"inLanguage":"en-US","potentialAction":[{"@type":"ReadAction","target":["https:\/\/www.he-arc.ch\/en\/actualites\/projet-oneen-observatoire-neuchatelois-de-lempreinte-environnementale-du-numerique\/"]}]},{"@type":"ImageObject","inLanguage":"en-US","@id":"https:\/\/www.he-arc.ch\/en\/actualites\/projet-oneen-observatoire-neuchatelois-de-lempreinte-environnementale-du-numerique\/#primaryimage","url":"https:\/\/www.he-arc.ch\/wp-content\/uploads\/2026\/03\/1000099896.jpg","contentUrl":"https:\/\/www.he-arc.ch\/wp-content\/uploads\/2026\/03\/1000099896.jpg","width":1920,"height":1081},{"@type":"BreadcrumbList","@id":"https:\/\/www.he-arc.ch\/en\/actualites\/projet-oneen-observatoire-neuchatelois-de-lempreinte-environnementale-du-numerique\/#breadcrumb","itemListElement":[{"@type":"ListItem","position":1,"name":"Accueil","item":"https:\/\/www.he-arc.ch\/en\/"},{"@type":"ListItem","position":2,"name":"Projet ONEEN\u00a0: Observatoire neuch\u00e2telois de l\u2019empreinte environnementale du num\u00e9rique"}]},{"@type":"WebSite","@id":"https:\/\/www.he-arc.ch\/en\/#website","url":"https:\/\/www.he-arc.ch\/en\/","name":"Haute-Ecole Arc","description":"Haute \u00e9cole sp\u00e9cialis\u00e9e Suisse. Gestion, Ing\u00e9nierie, Sant\u00e9, Conservation-\u200brestauration.","publisher":{"@id":"https:\/\/www.he-arc.ch\/en\/#organization"},"potentialAction":[{"@type":"SearchAction","target":{"@type":"EntryPoint","urlTemplate":"https:\/\/www.he-arc.ch\/en\/?s={search_term_string}"},"query-input":{"@type":"PropertyValueSpecification","valueRequired":true,"valueName":"search_term_string"}}],"inLanguage":"en-US"},{"@type":"Organization","@id":"https:\/\/www.he-arc.ch\/en\/#organization","name":"Haute Ecole Arc","url":"https:\/\/www.he-arc.ch\/en\/","logo":{"@type":"ImageObject","inLanguage":"en-US","@id":"https:\/\/www.he-arc.ch\/en\/#\/schema\/logo\/image\/","url":"https:\/\/www.he-arc.ch\/wp-content\/uploads\/2022\/01\/logo-he-arc.svg","contentUrl":"https:\/\/www.he-arc.ch\/wp-content\/uploads\/2022\/01\/logo-he-arc.svg","width":140,"height":42,"caption":"Haute Ecole Arc"},"image":{"@id":"https:\/\/www.he-arc.ch\/en\/#\/schema\/logo\/image\/"}},{"@type":"Person","@id":"https:\/\/www.he-arc.ch\/en\/#\/schema\/person\/d586ae583d094894a534ba918c500816","name":"Delphine Vantieghem","image":{"@type":"ImageObject","inLanguage":"en-US","@id":"https:\/\/www.he-arc.ch\/en\/#\/schema\/person\/image\/","url":"https:\/\/secure.gravatar.com\/avatar\/227667cf037a7da7df85ec3e92cccb7b645aa7e6d6836e9505f0964fe6b70279?s=96&d=mm&r=g","contentUrl":"https:\/\/secure.gravatar.com\/avatar\/227667cf037a7da7df85ec3e92cccb7b645aa7e6d6836e9505f0964fe6b70279?s=96&d=mm&r=g","caption":"Delphine Vantieghem"}}]}},"_links":{"self":[{"href":"https:\/\/www.he-arc.ch\/en\/wp-json\/wp\/v2\/posts\/80132","targetHints":{"allow":["GET"]}}],"collection":[{"href":"https:\/\/www.he-arc.ch\/en\/wp-json\/wp\/v2\/posts"}],"about":[{"href":"https:\/\/www.he-arc.ch\/en\/wp-json\/wp\/v2\/types\/post"}],"author":[{"embeddable":true,"href":"https:\/\/www.he-arc.ch\/en\/wp-json\/wp\/v2\/users\/13"}],"replies":[{"embeddable":true,"href":"https:\/\/www.he-arc.ch\/en\/wp-json\/wp\/v2\/comments?post=80132"}],"version-history":[{"count":16,"href":"https:\/\/www.he-arc.ch\/en\/wp-json\/wp\/v2\/posts\/80132\/revisions"}],"predecessor-version":[{"id":80208,"href":"https:\/\/www.he-arc.ch\/en\/wp-json\/wp\/v2\/posts\/80132\/revisions\/80208"}],"wp:featuredmedia":[{"embeddable":true,"href":"https:\/\/www.he-arc.ch\/en\/wp-json\/wp\/v2\/media\/80202"}],"wp:attachment":[{"href":"https:\/\/www.he-arc.ch\/en\/wp-json\/wp\/v2\/media?parent=80132"}],"wp:term":[{"taxonomy":"category","embeddable":true,"href":"https:\/\/www.he-arc.ch\/en\/wp-json\/wp\/v2\/categories?post=80132"},{"taxonomy":"post_tag","embeddable":true,"href":"https:\/\/www.he-arc.ch\/en\/wp-json\/wp\/v2\/tags?post=80132"},{"taxonomy":"he-arc_domain","embeddable":true,"href":"https:\/\/www.he-arc.ch\/en\/wp-json\/wp\/v2\/he-arc_domain?post=80132"}],"curies":[{"name":"wp","href":"https:\/\/api.w.org\/{rel}","templated":true}]}}