{"id":80265,"date":"2026-03-13T13:20:06","date_gmt":"2026-03-13T12:20:06","guid":{"rendered":"https:\/\/www.he-arc.ch\/?p=80265"},"modified":"2026-03-13T13:47:08","modified_gmt":"2026-03-13T12:47:08","slug":"les-cantons-de-neuchatel-berne-et-jura-renouvellent-leur-confiance-envers-la-haute-ecole-arc","status":"publish","type":"post","link":"https:\/\/www.he-arc.ch\/en\/actualites\/les-cantons-de-neuchatel-berne-et-jura-renouvellent-leur-confiance-envers-la-haute-ecole-arc\/","title":{"rendered":"Les cantons de Neuch\u00e2tel, Berne et Jura renouvellent leur confiance envers la Haute Ecole Arc"},"content":{"rendered":"\n<p>Nous avons eu l\u2019honneur d\u2019accueillir :<\/p>\n\n\n\n<ul class=\"wp-block-list\">\n<li><strong>Crystel Graf<\/strong>, Conseill\u00e8re d\u2019\u00c9tat du canton de Neuch\u00e2tel, Cheffe du D\u00e9partement de la formation et des finances et Pr\u00e9sidente du Comit\u00e9 Strat\u00e9gique de la Haute Ecole Arc<\/li>\n\n\n\n<li><strong>Christine H\u00e4sler<\/strong>, Conseill\u00e8re d\u2019\u00c9tat du canton de Berne, Directrice de l\u2019instruction publique et de la culture<\/li>\n\n\n\n<li><strong>Rapha\u00ebl Ciocchi<\/strong>, Ministre de la formation, du num\u00e9rique et des sports du canton du Jura<\/li>\n<\/ul>\n\n\n\n<p>Nous les remercions chaleureusement pour leur pr\u00e9sence et pour la confiance qu\u2019ils r\u00e9affirment envers notre \u00e9cole.<\/p>\n\n\n\n<p>Ce renouvellement porte un message fort : les trois cantons confirment leur engagement aupr\u00e8s de la HE\u2011Arc et reconnaissent son r\u00f4le essentiel dans la formation, l\u2019innovation et le d\u00e9veloppement de l\u2019Arc jurassien.<\/p>\n\n\n\n<p>Au cours des prochaines ann\u00e9es, la HE\u2011Arc souhaite renforcer son r\u00f4le au service de sa communaut\u00e9 \u00e9tudiante ainsi que des acteurs \u00e9conomiques, sociaux et institutionnels de l\u2019Arc jurassien.<\/p>\n\n\n\n<p>Pour r\u00e9pondre aux \u00e9volutions rapides de la soci\u00e9t\u00e9, aux attentes nouvelles en mati\u00e8re de formation et aux d\u00e9fis croissants du territoire, l\u2019\u00e9cole s\u2019engage dans une trajectoire structur\u00e9e autour de cinq axes strat\u00e9giques compl\u00e9mentaires :<\/p>\n\n\n\n<ul class=\"wp-block-list\">\n<li>Renforcer l\u2019attractivit\u00e9 de la HE-Arc<\/li>\n\n\n\n<li>Amplifier notre impact par la collaboration<\/li>\n\n\n\n<li>D\u00e9velopper la formation tout au long de la vie<\/li>\n\n\n\n<li>Accro\u00eetre la visibilit\u00e9 et l\u2019ancrage r\u00e9gional de la HE-Arc<\/li>\n\n\n\n<li>Adapter notre organisation aux nouveaux d\u00e9fis<\/li>\n<\/ul>\n\n\n\n<p>Pour en savoir plus sur les orientations strat\u00e9giques nous vous invitons \u00e0 consulter la page <a href=\"https:\/\/www.he-arc.ch\/he-arc-en\/missions-et-vision\/\">Missions et vision<\/a>.<\/p>\n\n\n\n<div id='gallery-1' class='gallery galleryid-80265 gallery-columns-3 gallery-size-thumbnail'><figure class='gallery-item'>\n\t\t\t<div class='gallery-icon landscape'>\n\t\t\t\t<a href='https:\/\/www.he-arc.ch\/en\/schreyer_2600488-copie-2-2\/'><img decoding=\"async\" width=\"150\" height=\"150\" src=\"https:\/\/www.he-arc.ch\/wp-content\/uploads\/2026\/03\/schreyer_2600488-copie-1-150x150.jpg\" class=\"attachment-thumbnail size-thumbnail\" alt=\"\" aria-describedby=\"gallery-1-80325\" \/><\/a>\n\t\t\t<\/div>\n\t\t\t\t<figcaption class='wp-caption-text gallery-caption' id='gallery-1-80325'>\n\t\t\t\tLieu : Neuch\u00e2tel &#8211; Suisse \/  Droits d&#8217;utilisation uniquement pour HE-ARC &amp; HEP-BEJUNE \/ photo : patriceschreyer.com\n\t\t\t\t<\/figcaption><\/figure><figure class='gallery-item'>\n\t\t\t<div class='gallery-icon landscape'>\n\t\t\t\t<a href='https:\/\/www.he-arc.ch\/en\/schreyer_2600493-2\/'><img decoding=\"async\" width=\"150\" height=\"150\" src=\"https:\/\/www.he-arc.ch\/wp-content\/uploads\/2026\/03\/schreyer_2600493-1-150x150.jpg\" class=\"attachment-thumbnail size-thumbnail\" alt=\"\" aria-describedby=\"gallery-1-80327\" \/><\/a>\n\t\t\t<\/div>\n\t\t\t\t<figcaption class='wp-caption-text gallery-caption' id='gallery-1-80327'>\n\t\t\t\tLieu : Neuch\u00e2tel &#8211; Suisse \/  Droits d&#8217;utilisation uniquement pour HE-ARC &amp; HEP-BEJUNE \/ photo : patriceschreyer.com\n\t\t\t\t<\/figcaption><\/figure>\n\t\t<\/div>\n\n\n\n\n<p><\/p>\n","protected":false},"excerpt":{"rendered":"<p>Nous avons eu l\u2019honneur d\u2019accueillir : Nous les remercions chaleureusement pour leur pr\u00e9sence et pour la confiance qu\u2019ils r\u00e9affirment envers notre \u00e9cole. Ce renouvellement porte un message fort : les trois cantons confirment leur engagement aupr\u00e8s de la HE\u2011Arc et reconnaissent son r\u00f4le essentiel dans la formation, l\u2019innovation et le d\u00e9veloppement de l\u2019Arc jurassien. Au [&hellip;]<\/p>\n","protected":false},"author":13,"featured_media":80321,"comment_status":"closed","ping_status":"open","sticky":false,"template":"","format":"standard","meta":{"_acf_changed":false,"footnotes":""},"categories":[1],"tags":[],"he-arc_domain":[6],"class_list":["post-80265","post","type-post","status-publish","format-standard","has-post-thumbnail","hentry","category-non-classifiee","he-arc_domain-he-arc"],"acf":[],"yoast_head":"<!-- This site is optimized with the Yoast SEO plugin v26.6 - https:\/\/yoast.com\/wordpress\/plugins\/seo\/ -->\n<title>Les cantons de Neuch\u00e2tel, Berne et Jura renouvellent leur confiance envers la Haute Ecole Arc - Haute-Ecole Arc<\/title>\n<meta name=\"robots\" content=\"index, follow, max-snippet:-1, max-image-preview:large, max-video-preview:-1\" \/>\n<link rel=\"canonical\" href=\"https:\/\/www.he-arc.ch\/en\/actualites\/les-cantons-de-neuchatel-berne-et-jura-renouvellent-leur-confiance-envers-la-haute-ecole-arc\/\" \/>\n<meta property=\"og:locale\" content=\"en_US\" \/>\n<meta property=\"og:type\" content=\"article\" \/>\n<meta property=\"og:title\" content=\"Les cantons de Neuch\u00e2tel, Berne et Jura renouvellent leur confiance envers la Haute Ecole Arc - Haute-Ecole Arc\" \/>\n<meta property=\"og:description\" content=\"Nous avons eu l\u2019honneur d\u2019accueillir : Nous les remercions chaleureusement pour leur pr\u00e9sence et pour la confiance qu\u2019ils r\u00e9affirment envers notre \u00e9cole. Ce renouvellement porte un message fort : les trois cantons confirment leur engagement aupr\u00e8s de la HE\u2011Arc et reconnaissent son r\u00f4le essentiel dans la formation, l\u2019innovation et le d\u00e9veloppement de l\u2019Arc jurassien. Au [&hellip;]\" \/>\n<meta property=\"og:url\" content=\"https:\/\/www.he-arc.ch\/en\/actualites\/les-cantons-de-neuchatel-berne-et-jura-renouvellent-leur-confiance-envers-la-haute-ecole-arc\/\" \/>\n<meta property=\"og:site_name\" content=\"Haute-Ecole Arc\" \/>\n<meta property=\"article:published_time\" content=\"2026-03-13T12:20:06+00:00\" \/>\n<meta property=\"article:modified_time\" content=\"2026-03-13T12:47:08+00:00\" \/>\n<meta property=\"og:image\" content=\"https:\/\/www.he-arc.ch\/wp-content\/uploads\/2026\/03\/Sans-titre-22.jpg\" \/>\n\t<meta property=\"og:image:width\" content=\"2000\" \/>\n\t<meta property=\"og:image:height\" content=\"2000\" \/>\n\t<meta property=\"og:image:type\" content=\"image\/jpeg\" \/>\n<meta name=\"author\" content=\"Delphine Vantieghem\" \/>\n<meta name=\"twitter:card\" content=\"summary_large_image\" \/>\n<meta name=\"twitter:label1\" content=\"Written by\" \/>\n\t<meta name=\"twitter:data1\" content=\"Delphine Vantieghem\" \/>\n\t<meta name=\"twitter:label2\" content=\"Est. reading time\" \/>\n\t<meta name=\"twitter:data2\" content=\"2 minutes\" \/>\n<script type=\"application\/ld+json\" class=\"yoast-schema-graph\">{\"@context\":\"https:\/\/schema.org\",\"@graph\":[{\"@type\":\"Article\",\"@id\":\"https:\/\/www.he-arc.ch\/en\/actualites\/les-cantons-de-neuchatel-berne-et-jura-renouvellent-leur-confiance-envers-la-haute-ecole-arc\/#article\",\"isPartOf\":{\"@id\":\"https:\/\/www.he-arc.ch\/en\/actualites\/les-cantons-de-neuchatel-berne-et-jura-renouvellent-leur-confiance-envers-la-haute-ecole-arc\/\"},\"author\":{\"name\":\"Delphine Vantieghem\",\"@id\":\"https:\/\/www.he-arc.ch\/en\/#\/schema\/person\/d586ae583d094894a534ba918c500816\"},\"headline\":\"Les cantons de Neuch\u00e2tel, Berne et Jura renouvellent leur confiance envers la Haute Ecole Arc\",\"datePublished\":\"2026-03-13T12:20:06+00:00\",\"dateModified\":\"2026-03-13T12:47:08+00:00\",\"mainEntityOfPage\":{\"@id\":\"https:\/\/www.he-arc.ch\/en\/actualites\/les-cantons-de-neuchatel-berne-et-jura-renouvellent-leur-confiance-envers-la-haute-ecole-arc\/\"},\"wordCount\":290,\"publisher\":{\"@id\":\"https:\/\/www.he-arc.ch\/en\/#organization\"},\"image\":{\"@id\":\"https:\/\/www.he-arc.ch\/en\/actualites\/les-cantons-de-neuchatel-berne-et-jura-renouvellent-leur-confiance-envers-la-haute-ecole-arc\/#primaryimage\"},\"thumbnailUrl\":\"https:\/\/www.he-arc.ch\/wp-content\/uploads\/2026\/03\/Sans-titre-22.jpg\",\"articleSection\":[\"Non classifi\u00e9(e)\"],\"inLanguage\":\"en-US\"},{\"@type\":\"WebPage\",\"@id\":\"https:\/\/www.he-arc.ch\/en\/actualites\/les-cantons-de-neuchatel-berne-et-jura-renouvellent-leur-confiance-envers-la-haute-ecole-arc\/\",\"url\":\"https:\/\/www.he-arc.ch\/en\/actualites\/les-cantons-de-neuchatel-berne-et-jura-renouvellent-leur-confiance-envers-la-haute-ecole-arc\/\",\"name\":\"Les cantons de Neuch\u00e2tel, Berne et Jura renouvellent leur confiance envers la Haute Ecole Arc - Haute-Ecole Arc\",\"isPartOf\":{\"@id\":\"https:\/\/www.he-arc.ch\/en\/#website\"},\"primaryImageOfPage\":{\"@id\":\"https:\/\/www.he-arc.ch\/en\/actualites\/les-cantons-de-neuchatel-berne-et-jura-renouvellent-leur-confiance-envers-la-haute-ecole-arc\/#primaryimage\"},\"image\":{\"@id\":\"https:\/\/www.he-arc.ch\/en\/actualites\/les-cantons-de-neuchatel-berne-et-jura-renouvellent-leur-confiance-envers-la-haute-ecole-arc\/#primaryimage\"},\"thumbnailUrl\":\"https:\/\/www.he-arc.ch\/wp-content\/uploads\/2026\/03\/Sans-titre-22.jpg\",\"datePublished\":\"2026-03-13T12:20:06+00:00\",\"dateModified\":\"2026-03-13T12:47:08+00:00\",\"breadcrumb\":{\"@id\":\"https:\/\/www.he-arc.ch\/en\/actualites\/les-cantons-de-neuchatel-berne-et-jura-renouvellent-leur-confiance-envers-la-haute-ecole-arc\/#breadcrumb\"},\"inLanguage\":\"en-US\",\"potentialAction\":[{\"@type\":\"ReadAction\",\"target\":[\"https:\/\/www.he-arc.ch\/en\/actualites\/les-cantons-de-neuchatel-berne-et-jura-renouvellent-leur-confiance-envers-la-haute-ecole-arc\/\"]}]},{\"@type\":\"ImageObject\",\"inLanguage\":\"en-US\",\"@id\":\"https:\/\/www.he-arc.ch\/en\/actualites\/les-cantons-de-neuchatel-berne-et-jura-renouvellent-leur-confiance-envers-la-haute-ecole-arc\/#primaryimage\",\"url\":\"https:\/\/www.he-arc.ch\/wp-content\/uploads\/2026\/03\/Sans-titre-22.jpg\",\"contentUrl\":\"https:\/\/www.he-arc.ch\/wp-content\/uploads\/2026\/03\/Sans-titre-22.jpg\",\"width\":2000,\"height\":2000},{\"@type\":\"BreadcrumbList\",\"@id\":\"https:\/\/www.he-arc.ch\/en\/actualites\/les-cantons-de-neuchatel-berne-et-jura-renouvellent-leur-confiance-envers-la-haute-ecole-arc\/#breadcrumb\",\"itemListElement\":[{\"@type\":\"ListItem\",\"position\":1,\"name\":\"Accueil\",\"item\":\"https:\/\/www.he-arc.ch\/en\/\"},{\"@type\":\"ListItem\",\"position\":2,\"name\":\"Les cantons de Neuch\u00e2tel, Berne et Jura renouvellent leur confiance envers la Haute Ecole Arc\"}]},{\"@type\":\"WebSite\",\"@id\":\"https:\/\/www.he-arc.ch\/en\/#website\",\"url\":\"https:\/\/www.he-arc.ch\/en\/\",\"name\":\"Haute-Ecole Arc\",\"description\":\"Haute \u00e9cole sp\u00e9cialis\u00e9e Suisse. Gestion, Ing\u00e9nierie, Sant\u00e9, Conservation-\u200brestauration.\",\"publisher\":{\"@id\":\"https:\/\/www.he-arc.ch\/en\/#organization\"},\"potentialAction\":[{\"@type\":\"SearchAction\",\"target\":{\"@type\":\"EntryPoint\",\"urlTemplate\":\"https:\/\/www.he-arc.ch\/en\/?s={search_term_string}\"},\"query-input\":{\"@type\":\"PropertyValueSpecification\",\"valueRequired\":true,\"valueName\":\"search_term_string\"}}],\"inLanguage\":\"en-US\"},{\"@type\":\"Organization\",\"@id\":\"https:\/\/www.he-arc.ch\/en\/#organization\",\"name\":\"Haute Ecole Arc\",\"url\":\"https:\/\/www.he-arc.ch\/en\/\",\"logo\":{\"@type\":\"ImageObject\",\"inLanguage\":\"en-US\",\"@id\":\"https:\/\/www.he-arc.ch\/en\/#\/schema\/logo\/image\/\",\"url\":\"https:\/\/www.he-arc.ch\/wp-content\/uploads\/2022\/01\/logo-he-arc.svg\",\"contentUrl\":\"https:\/\/www.he-arc.ch\/wp-content\/uploads\/2022\/01\/logo-he-arc.svg\",\"width\":140,\"height\":42,\"caption\":\"Haute Ecole Arc\"},\"image\":{\"@id\":\"https:\/\/www.he-arc.ch\/en\/#\/schema\/logo\/image\/\"}},{\"@type\":\"Person\",\"@id\":\"https:\/\/www.he-arc.ch\/en\/#\/schema\/person\/d586ae583d094894a534ba918c500816\",\"name\":\"Delphine Vantieghem\",\"image\":{\"@type\":\"ImageObject\",\"inLanguage\":\"en-US\",\"@id\":\"https:\/\/www.he-arc.ch\/en\/#\/schema\/person\/image\/\",\"url\":\"https:\/\/secure.gravatar.com\/avatar\/227667cf037a7da7df85ec3e92cccb7b645aa7e6d6836e9505f0964fe6b70279?s=96&d=mm&r=g\",\"contentUrl\":\"https:\/\/secure.gravatar.com\/avatar\/227667cf037a7da7df85ec3e92cccb7b645aa7e6d6836e9505f0964fe6b70279?s=96&d=mm&r=g\",\"caption\":\"Delphine Vantieghem\"}}]}<\/script>\n<!-- \/ Yoast SEO plugin. -->","yoast_head_json":{"title":"Les cantons de Neuch\u00e2tel, Berne et Jura renouvellent leur confiance envers la Haute Ecole Arc - Haute-Ecole Arc","robots":{"index":"index","follow":"follow","max-snippet":"max-snippet:-1","max-image-preview":"max-image-preview:large","max-video-preview":"max-video-preview:-1"},"canonical":"https:\/\/www.he-arc.ch\/en\/actualites\/les-cantons-de-neuchatel-berne-et-jura-renouvellent-leur-confiance-envers-la-haute-ecole-arc\/","og_locale":"en_US","og_type":"article","og_title":"Les cantons de Neuch\u00e2tel, Berne et Jura renouvellent leur confiance envers la Haute Ecole Arc - Haute-Ecole Arc","og_description":"Nous avons eu l\u2019honneur d\u2019accueillir : Nous les remercions chaleureusement pour leur pr\u00e9sence et pour la confiance qu\u2019ils r\u00e9affirment envers notre \u00e9cole. Ce renouvellement porte un message fort : les trois cantons confirment leur engagement aupr\u00e8s de la HE\u2011Arc et reconnaissent son r\u00f4le essentiel dans la formation, l\u2019innovation et le d\u00e9veloppement de l\u2019Arc jurassien. Au [&hellip;]","og_url":"https:\/\/www.he-arc.ch\/en\/actualites\/les-cantons-de-neuchatel-berne-et-jura-renouvellent-leur-confiance-envers-la-haute-ecole-arc\/","og_site_name":"Haute-Ecole Arc","article_published_time":"2026-03-13T12:20:06+00:00","article_modified_time":"2026-03-13T12:47:08+00:00","og_image":[{"width":2000,"height":2000,"url":"https:\/\/www.he-arc.ch\/wp-content\/uploads\/2026\/03\/Sans-titre-22.jpg","type":"image\/jpeg"}],"author":"Delphine Vantieghem","twitter_card":"summary_large_image","twitter_misc":{"Written by":"Delphine Vantieghem","Est. reading time":"2 minutes"},"schema":{"@context":"https:\/\/schema.org","@graph":[{"@type":"Article","@id":"https:\/\/www.he-arc.ch\/en\/actualites\/les-cantons-de-neuchatel-berne-et-jura-renouvellent-leur-confiance-envers-la-haute-ecole-arc\/#article","isPartOf":{"@id":"https:\/\/www.he-arc.ch\/en\/actualites\/les-cantons-de-neuchatel-berne-et-jura-renouvellent-leur-confiance-envers-la-haute-ecole-arc\/"},"author":{"name":"Delphine Vantieghem","@id":"https:\/\/www.he-arc.ch\/en\/#\/schema\/person\/d586ae583d094894a534ba918c500816"},"headline":"Les cantons de Neuch\u00e2tel, Berne et Jura renouvellent leur confiance envers la Haute Ecole Arc","datePublished":"2026-03-13T12:20:06+00:00","dateModified":"2026-03-13T12:47:08+00:00","mainEntityOfPage":{"@id":"https:\/\/www.he-arc.ch\/en\/actualites\/les-cantons-de-neuchatel-berne-et-jura-renouvellent-leur-confiance-envers-la-haute-ecole-arc\/"},"wordCount":290,"publisher":{"@id":"https:\/\/www.he-arc.ch\/en\/#organization"},"image":{"@id":"https:\/\/www.he-arc.ch\/en\/actualites\/les-cantons-de-neuchatel-berne-et-jura-renouvellent-leur-confiance-envers-la-haute-ecole-arc\/#primaryimage"},"thumbnailUrl":"https:\/\/www.he-arc.ch\/wp-content\/uploads\/2026\/03\/Sans-titre-22.jpg","articleSection":["Non classifi\u00e9(e)"],"inLanguage":"en-US"},{"@type":"WebPage","@id":"https:\/\/www.he-arc.ch\/en\/actualites\/les-cantons-de-neuchatel-berne-et-jura-renouvellent-leur-confiance-envers-la-haute-ecole-arc\/","url":"https:\/\/www.he-arc.ch\/en\/actualites\/les-cantons-de-neuchatel-berne-et-jura-renouvellent-leur-confiance-envers-la-haute-ecole-arc\/","name":"Les cantons de Neuch\u00e2tel, Berne et Jura renouvellent leur confiance envers la Haute Ecole Arc - Haute-Ecole Arc","isPartOf":{"@id":"https:\/\/www.he-arc.ch\/en\/#website"},"primaryImageOfPage":{"@id":"https:\/\/www.he-arc.ch\/en\/actualites\/les-cantons-de-neuchatel-berne-et-jura-renouvellent-leur-confiance-envers-la-haute-ecole-arc\/#primaryimage"},"image":{"@id":"https:\/\/www.he-arc.ch\/en\/actualites\/les-cantons-de-neuchatel-berne-et-jura-renouvellent-leur-confiance-envers-la-haute-ecole-arc\/#primaryimage"},"thumbnailUrl":"https:\/\/www.he-arc.ch\/wp-content\/uploads\/2026\/03\/Sans-titre-22.jpg","datePublished":"2026-03-13T12:20:06+00:00","dateModified":"2026-03-13T12:47:08+00:00","breadcrumb":{"@id":"https:\/\/www.he-arc.ch\/en\/actualites\/les-cantons-de-neuchatel-berne-et-jura-renouvellent-leur-confiance-envers-la-haute-ecole-arc\/#breadcrumb"},"inLanguage":"en-US","potentialAction":[{"@type":"ReadAction","target":["https:\/\/www.he-arc.ch\/en\/actualites\/les-cantons-de-neuchatel-berne-et-jura-renouvellent-leur-confiance-envers-la-haute-ecole-arc\/"]}]},{"@type":"ImageObject","inLanguage":"en-US","@id":"https:\/\/www.he-arc.ch\/en\/actualites\/les-cantons-de-neuchatel-berne-et-jura-renouvellent-leur-confiance-envers-la-haute-ecole-arc\/#primaryimage","url":"https:\/\/www.he-arc.ch\/wp-content\/uploads\/2026\/03\/Sans-titre-22.jpg","contentUrl":"https:\/\/www.he-arc.ch\/wp-content\/uploads\/2026\/03\/Sans-titre-22.jpg","width":2000,"height":2000},{"@type":"BreadcrumbList","@id":"https:\/\/www.he-arc.ch\/en\/actualites\/les-cantons-de-neuchatel-berne-et-jura-renouvellent-leur-confiance-envers-la-haute-ecole-arc\/#breadcrumb","itemListElement":[{"@type":"ListItem","position":1,"name":"Accueil","item":"https:\/\/www.he-arc.ch\/en\/"},{"@type":"ListItem","position":2,"name":"Les cantons de Neuch\u00e2tel, Berne et Jura renouvellent leur confiance envers la Haute Ecole Arc"}]},{"@type":"WebSite","@id":"https:\/\/www.he-arc.ch\/en\/#website","url":"https:\/\/www.he-arc.ch\/en\/","name":"Haute-Ecole Arc","description":"Haute \u00e9cole sp\u00e9cialis\u00e9e Suisse. Gestion, Ing\u00e9nierie, Sant\u00e9, Conservation-\u200brestauration.","publisher":{"@id":"https:\/\/www.he-arc.ch\/en\/#organization"},"potentialAction":[{"@type":"SearchAction","target":{"@type":"EntryPoint","urlTemplate":"https:\/\/www.he-arc.ch\/en\/?s={search_term_string}"},"query-input":{"@type":"PropertyValueSpecification","valueRequired":true,"valueName":"search_term_string"}}],"inLanguage":"en-US"},{"@type":"Organization","@id":"https:\/\/www.he-arc.ch\/en\/#organization","name":"Haute Ecole Arc","url":"https:\/\/www.he-arc.ch\/en\/","logo":{"@type":"ImageObject","inLanguage":"en-US","@id":"https:\/\/www.he-arc.ch\/en\/#\/schema\/logo\/image\/","url":"https:\/\/www.he-arc.ch\/wp-content\/uploads\/2022\/01\/logo-he-arc.svg","contentUrl":"https:\/\/www.he-arc.ch\/wp-content\/uploads\/2022\/01\/logo-he-arc.svg","width":140,"height":42,"caption":"Haute Ecole Arc"},"image":{"@id":"https:\/\/www.he-arc.ch\/en\/#\/schema\/logo\/image\/"}},{"@type":"Person","@id":"https:\/\/www.he-arc.ch\/en\/#\/schema\/person\/d586ae583d094894a534ba918c500816","name":"Delphine Vantieghem","image":{"@type":"ImageObject","inLanguage":"en-US","@id":"https:\/\/www.he-arc.ch\/en\/#\/schema\/person\/image\/","url":"https:\/\/secure.gravatar.com\/avatar\/227667cf037a7da7df85ec3e92cccb7b645aa7e6d6836e9505f0964fe6b70279?s=96&d=mm&r=g","contentUrl":"https:\/\/secure.gravatar.com\/avatar\/227667cf037a7da7df85ec3e92cccb7b645aa7e6d6836e9505f0964fe6b70279?s=96&d=mm&r=g","caption":"Delphine Vantieghem"}}]}},"_links":{"self":[{"href":"https:\/\/www.he-arc.ch\/en\/wp-json\/wp\/v2\/posts\/80265","targetHints":{"allow":["GET"]}}],"collection":[{"href":"https:\/\/www.he-arc.ch\/en\/wp-json\/wp\/v2\/posts"}],"about":[{"href":"https:\/\/www.he-arc.ch\/en\/wp-json\/wp\/v2\/types\/post"}],"author":[{"embeddable":true,"href":"https:\/\/www.he-arc.ch\/en\/wp-json\/wp\/v2\/users\/13"}],"replies":[{"embeddable":true,"href":"https:\/\/www.he-arc.ch\/en\/wp-json\/wp\/v2\/comments?post=80265"}],"version-history":[{"count":21,"href":"https:\/\/www.he-arc.ch\/en\/wp-json\/wp\/v2\/posts\/80265\/revisions"}],"predecessor-version":[{"id":80336,"href":"https:\/\/www.he-arc.ch\/en\/wp-json\/wp\/v2\/posts\/80265\/revisions\/80336"}],"wp:featuredmedia":[{"embeddable":true,"href":"https:\/\/www.he-arc.ch\/en\/wp-json\/wp\/v2\/media\/80321"}],"wp:attachment":[{"href":"https:\/\/www.he-arc.ch\/en\/wp-json\/wp\/v2\/media?parent=80265"}],"wp:term":[{"taxonomy":"category","embeddable":true,"href":"https:\/\/www.he-arc.ch\/en\/wp-json\/wp\/v2\/categories?post=80265"},{"taxonomy":"post_tag","embeddable":true,"href":"https:\/\/www.he-arc.ch\/en\/wp-json\/wp\/v2\/tags?post=80265"},{"taxonomy":"he-arc_domain","embeddable":true,"href":"https:\/\/www.he-arc.ch\/en\/wp-json\/wp\/v2\/he-arc_domain?post=80265"}],"curies":[{"name":"wp","href":"https:\/\/api.w.org\/{rel}","templated":true}]}}